{"id":5944,"date":"2022-02-07T07:26:20","date_gmt":"2022-02-07T10:26:20","guid":{"rendered":"http:\/\/www.sodf.org.br\/wordpress\/?p=5944"},"modified":"2022-02-07T07:26:20","modified_gmt":"2022-02-07T10:26:20","slug":"parlamentares-defendem-adocao-do-passaporte-de-vacina-durante-sessao-da-cldf","status":"publish","type":"post","link":"https:\/\/www.sodf.org.br\/wordpress\/parlamentares-defendem-adocao-do-passaporte-de-vacina-durante-sessao-da-cldf\/","title":{"rendered":"Parlamentares defendem ado\u00e7\u00e3o do passaporte de vacina durante sess\u00e3o da CLDF"},"content":{"rendered":"<p>A C\u00e2mara Legislativa do Distrito Federal (CLDF) retomou os trabalhos na \u00faltima ter\u00e7a-feira (1\u00b0\/2) e estampou diversos notici\u00e1rios ap\u00f3s um dos deputados discursar sem m\u00e1scara no plen\u00e1rio e testar positivo para covid-19 no dia seguinte. Tendo em vista os \u00faltimos acontecimentos e o aumento de casos por infec\u00e7\u00e3o de covid-19, deputados distritais sugeriram, em sess\u00e3o ordin\u00e1ria, na quarta-feira (2\/2), que a casa viesse a adotar o uso do passaporte vacinal.<br \/>\nDurante a sess\u00e3o, parlamentares tamb\u00e9m defenderam a vacina\u00e7\u00e3o e refor\u00e7aram a import\u00e2ncia das medidas de seguran\u00e7a. Chico Vigilante (PT) disse que faltou planejamento por parte do Governo do Distrito Federal (GDF) para lidar com a terceira onda de covid-19. F\u00e1bio Felix (Psol) criticou aqueles que \u201cespalham mentiras sobre a vacina\u201d e falou sobre a reivindica\u00e7\u00e3o de donos de bares e restaurantes do DF que querem que o passaporte de vacina seja exigido.<br \/>\nOutra parlamentar que se posicionou a favor da ado\u00e7\u00e3o da medida foi Arlete Sampaio (PT), que ainda sugeriu a redu\u00e7\u00e3o do n\u00famero de pessoas nos ambientes da C\u00e2mara Legislativa. Leandro Grass (Rede) argumentou que acha estranha a gest\u00e3o da pandemia do DF, \u201cparece decis\u00e3o pensada deixar os leitos de UTI sobrecarregados\u201d, o que, de acordo com ele, seria um motivo para justificar mais gastos e contrata\u00e7\u00f5es de empresas.<br \/>\nTaxa de transmiss\u00e3o no DF<br \/>\nHouve uma queda na taxa de transmiss\u00e3o de covid-19. De acordo com a \u00faltima atualiza\u00e7\u00e3o do Boletim Epidemiol\u00f3gico, o n\u00famero caiu para 1,19, antes estava em 1,2. Esse \u00edndice mede a reprodu\u00e7\u00e3o da pandemia e o resultado indica que 100 pessoas com a doen\u00e7a podem infectar outras 119. O ideal \u00e9 que o valor permane\u00e7a abaixo de 1.<br \/>\nMas, mesmo com a pequena queda, o registro de casos continua em alta. Com a atualiza\u00e7\u00e3o, o n\u00famero total de brasilienses infectados chegou a 625.031, desse n\u00famero 558.048 (89,3%) s\u00e3o considerados recuperados e 11.2018 (1,8%) vieram a \u00f3bito.<\/p>\n","protected":false},"excerpt":{"rendered":"<p>A C\u00e2mara Legislativa do Distrito Federal (CLDF) retomou os trabalhos na \u00faltima ter\u00e7a-feira (1\u00b0\/2) e estampou diversos notici\u00e1rios ap\u00f3s um dos deputados discursar sem m\u00e1scara no plen\u00e1rio e testar positivo para covid-19 no dia seguinte. Tendo em vista os \u00faltimos acontecimentos e o aumento de casos por infec\u00e7\u00e3o de covid-19, deputados distritais sugeriram, em sess\u00e3o [&hellip;]<\/p>\n","protected":false},"author":4,"featured_media":5945,"comment_status":"open","ping_status":"open","sticky":false,"template":"","format":"standard","meta":{"footnotes":""},"categories":[4],"tags":[],"class_list":["post-5944","post","type-post","status-publish","format-standard","has-post-thumbnail","hentry","category-noticias"],"post_mailing_queue_ids":[],"_links":{"self":[{"href":"https:\/\/www.sodf.org.br\/wordpress\/wp-json\/wp\/v2\/posts\/5944","targetHints":{"allow":["GET"]}}],"collection":[{"href":"https:\/\/www.sodf.org.br\/wordpress\/wp-json\/wp\/v2\/posts"}],"about":[{"href":"https:\/\/www.sodf.org.br\/wordpress\/wp-json\/wp\/v2\/types\/post"}],"author":[{"embeddable":true,"href":"https:\/\/www.sodf.org.br\/wordpress\/wp-json\/wp\/v2\/users\/4"}],"replies":[{"embeddable":true,"href":"https:\/\/www.sodf.org.br\/wordpress\/wp-json\/wp\/v2\/comments?post=5944"}],"version-history":[{"count":1,"href":"https:\/\/www.sodf.org.br\/wordpress\/wp-json\/wp\/v2\/posts\/5944\/revisions"}],"predecessor-version":[{"id":5946,"href":"https:\/\/www.sodf.org.br\/wordpress\/wp-json\/wp\/v2\/posts\/5944\/revisions\/5946"}],"wp:featuredmedia":[{"embeddable":true,"href":"https:\/\/www.sodf.org.br\/wordpress\/wp-json\/wp\/v2\/media\/5945"}],"wp:attachment":[{"href":"https:\/\/www.sodf.org.br\/wordpress\/wp-json\/wp\/v2\/media?parent=5944"}],"wp:term":[{"taxonomy":"category","embeddable":true,"href":"https:\/\/www.sodf.org.br\/wordpress\/wp-json\/wp\/v2\/categories?post=5944"},{"taxonomy":"post_tag","embeddable":true,"href":"https:\/\/www.sodf.org.br\/wordpress\/wp-json\/wp\/v2\/tags?post=5944"}],"curies":[{"name":"wp","href":"https:\/\/api.w.org\/{rel}","templated":true}]}}