{"id":5938,"date":"2022-02-07T07:23:52","date_gmt":"2022-02-07T10:23:52","guid":{"rendered":"http:\/\/www.sodf.org.br\/wordpress\/?p=5938"},"modified":"2022-02-07T07:23:52","modified_gmt":"2022-02-07T10:23:52","slug":"ocupacao-de-leitos-de-uti-covid-publicos-e-de-100-nao-ha-vagas-no-df","status":"publish","type":"post","link":"https:\/\/www.sodf.org.br\/wordpress\/ocupacao-de-leitos-de-uti-covid-publicos-e-de-100-nao-ha-vagas-no-df\/","title":{"rendered":"Ocupa\u00e7\u00e3o de leitos de UTI Covid p\u00fablicos \u00e9 de 100%; n\u00e3o h\u00e1 vagas no DF"},"content":{"rendered":"<p>A taxa de ocupa\u00e7\u00e3o total de unidades de terapia intensiva (UTIs) voltadas para pacientes com Covid-19 na rede p\u00fablica do Distrito Federal est\u00e1 em 100% nas primeiras horas da manh\u00e3 desta sexta-feira (4\/2). As informa\u00e7\u00f5es constam no sistema InfoSa\u00fade, do GDF, atualizado \u00e0s 6h25.<br \/>\n lista de espera por UTIs na rede p\u00fablica de sa\u00fade tem 38 pessoas com suspeita ou confirma\u00e7\u00e3o de infec\u00e7\u00e3o pelo novo coronav\u00edrus.<br \/>\n\u201cEsperamos que esta seja a \u00faltima onda\u201d, diz Ibaneis sobre \u00d4micron<br \/>\nAtualmente, h\u00e1 100 leitos para Covid-19 ocupados e nenhum vago na rede p\u00fablica. Outros 17 leitos est\u00e3o bloqueados ou aguardando libera\u00e7\u00e3o.<br \/>\nA rede privada est\u00e1 com taxa de ocupa\u00e7\u00e3o de leito adulto em 81,48%. S\u00e3o 112 leitos de UTI Covid-19 preenchidos, 26 dispon\u00edveis e um bloqueado. Os leitos pedi\u00e1tricos dos hospitais particulares atingiram 66,67%.<br \/>\nFila<br \/>\nUm beb\u00ea de 1 ano e 10 meses est\u00e1 na fila para conseguir uma vaga na unidade de terapia intensiva (UTI) da rede p\u00fablica de sa\u00fade do Distrito Federal destinada a pacientes com Covid-19.<br \/>\nMiguel Oliveira da Silva tem paralisia cerebral e est\u00e1 internado, desde a \u00faltima ter\u00e7a-feira (1\u00ba\/2), com a infec\u00e7\u00e3o no pronto-socorro do Hospital Regional de Ceil\u00e2ndia (HRC), regi\u00e3o onde mora a fam\u00edlia.<br \/>\nPor causa da condi\u00e7\u00e3o, a crian\u00e7a precisou fazer uma traqueostomia no passado, ent\u00e3o, qualquer sintoma respirat\u00f3rio e, at\u00e9 mesmo secre\u00e7\u00e3o, \u00e9 motivo de alerta.<br \/>\n\u201cA gente est\u00e1 entrando com um pedido para que a Defensoria P\u00fablica nos ajude, mas disseram que, realmente, est\u00e1 tudo lotado. Meu filho precisa de acompanhamento de fisioterapia, que est\u00e1 interrompida por causa da falta da estrutura atual no hospital \u201c, disse a m\u00e3e, Kalinne Crsitina da Silva Oliveira, 30 anos, auxiliar administrativo.<br \/>\nMoradora do P Norte, a auxiliar administrativo contou que Miguel \u00e9 filho \u00fanico e precisa de cuidado redobrado em decorr\u00eancia da paralisia cerebral.<br \/>\n\u201cEle est\u00e1 com muita secre\u00e7\u00e3o, e estamos desesperados\u201d, continuou.<br \/>\nO que diz a Secretaria de Sa\u00fade<br \/>\nEm nota, a Secretaria de Sa\u00fade informou que o paciente \u201cest\u00e1 em processo de transfer\u00eancia para o Hospital Materno Infantil de Bras\u00edlia (Hmib), que \u00e9 a unidade de refer\u00eancia em leitos pedi\u00e1tricos no DF\u201d.<br \/>\n\u201cAtualmente, a unidade conta com 16 leitos pedi\u00e1tricos de enfermaria, sendo seis exclusivos para Covid.\u201d Ainda segundo a pasta, \u201co paciente est\u00e1 sendo assistido desde sua entrada no Hospital Regional de Ceil\u00e2ndia (HRC), acompanhado por equipe m\u00e9dica e atendido de acordo com seu quadro cl\u00ednico\u201d.<\/p>\n","protected":false},"excerpt":{"rendered":"<p>A taxa de ocupa\u00e7\u00e3o total de unidades de terapia intensiva (UTIs) voltadas para pacientes com Covid-19 na rede p\u00fablica do Distrito Federal est\u00e1 em 100% nas primeiras horas da manh\u00e3 desta sexta-feira (4\/2). As informa\u00e7\u00f5es constam no sistema InfoSa\u00fade, do GDF, atualizado \u00e0s 6h25. lista de espera por UTIs na rede p\u00fablica de sa\u00fade tem [&hellip;]<\/p>\n","protected":false},"author":4,"featured_media":5939,"comment_status":"open","ping_status":"open","sticky":false,"template":"","format":"standard","meta":{"footnotes":""},"categories":[4],"tags":[],"class_list":["post-5938","post","type-post","status-publish","format-standard","has-post-thumbnail","hentry","category-noticias"],"post_mailing_queue_ids":[],"_links":{"self":[{"href":"https:\/\/www.sodf.org.br\/wordpress\/wp-json\/wp\/v2\/posts\/5938","targetHints":{"allow":["GET"]}}],"collection":[{"href":"https:\/\/www.sodf.org.br\/wordpress\/wp-json\/wp\/v2\/posts"}],"about":[{"href":"https:\/\/www.sodf.org.br\/wordpress\/wp-json\/wp\/v2\/types\/post"}],"author":[{"embeddable":true,"href":"https:\/\/www.sodf.org.br\/wordpress\/wp-json\/wp\/v2\/users\/4"}],"replies":[{"embeddable":true,"href":"https:\/\/www.sodf.org.br\/wordpress\/wp-json\/wp\/v2\/comments?post=5938"}],"version-history":[{"count":1,"href":"https:\/\/www.sodf.org.br\/wordpress\/wp-json\/wp\/v2\/posts\/5938\/revisions"}],"predecessor-version":[{"id":5940,"href":"https:\/\/www.sodf.org.br\/wordpress\/wp-json\/wp\/v2\/posts\/5938\/revisions\/5940"}],"wp:featuredmedia":[{"embeddable":true,"href":"https:\/\/www.sodf.org.br\/wordpress\/wp-json\/wp\/v2\/media\/5939"}],"wp:attachment":[{"href":"https:\/\/www.sodf.org.br\/wordpress\/wp-json\/wp\/v2\/media?parent=5938"}],"wp:term":[{"taxonomy":"category","embeddable":true,"href":"https:\/\/www.sodf.org.br\/wordpress\/wp-json\/wp\/v2\/categories?post=5938"},{"taxonomy":"post_tag","embeddable":true,"href":"https:\/\/www.sodf.org.br\/wordpress\/wp-json\/wp\/v2\/tags?post=5938"}],"curies":[{"name":"wp","href":"https:\/\/api.w.org\/{rel}","templated":true}]}}