{"id":5930,"date":"2022-02-07T07:19:55","date_gmt":"2022-02-07T10:19:55","guid":{"rendered":"http:\/\/www.sodf.org.br\/wordpress\/?p=5930"},"modified":"2022-02-07T07:19:55","modified_gmt":"2022-02-07T10:19:55","slug":"apos-deputado-se-infectar-distritais-da-cldf-farao-testagem-em-massa","status":"publish","type":"post","link":"https:\/\/www.sodf.org.br\/wordpress\/apos-deputado-se-infectar-distritais-da-cldf-farao-testagem-em-massa\/","title":{"rendered":"Ap\u00f3s deputado se infectar, distritais da CLDF far\u00e3o testagem em massa"},"content":{"rendered":"<p>Ap\u00f3s o deputado distrital Jorge Vianna (Podemos) ser diagnosticado com Covid-19, nesta quarta-feira (2\/2), a C\u00e2mara Legislativa do Distrito Federal (CLDF) organiza uma testagem de servidores e parlamentares para a pr\u00f3xima sexta (4\/2), nas depend\u00eancias da Casa.<br \/>\nNa tarde dessa ter\u00e7a (1\u00ba\/2), na primeira sess\u00e3o da CLDF do ano, o distrital Jorge Vianna deixou o plen\u00e1rio, ap\u00f3s informar que estava sentindo-se \u201cfebril\u201d. Sentado \u00e0 mesa, Jorge Vianna (Podemos) presidia a sess\u00e3o quando avisou que n\u00e3o estava bem. Nesta quarta-feira, Vianna recebeu resultado positivo para Covid.<br \/>\nO pedido para a testagem dos funcion\u00e1rios da Casa partiu do deputado Chico Vigilante (PT). Nesta quarta, o vice-presidente da C\u00e2mara, Rodrigo Delmasso (Republicanos) confirmou que a solicita\u00e7\u00e3o do petista foi acatada.<br \/>\n\u201cFalamos para o pessoal do Fascal (Fundo de Assist\u00eancia \u00e0 Sa\u00fade dos Deputados Distritais e Servidores da C\u00e2mara Legislativa do Distrito Federal) se mobilizar para que todos que estavam em plen\u00e1rio fa\u00e7am o teste, principalmente aqueles que tiveram contato [com o deputado Jorge Vianna]\u201d, informou ao Metr\u00f3poles.<br \/>\nEm discurso no plen\u00e1rio, na tarde desta quarta, Delmasso refor\u00e7ou que uma unidade m\u00f3vel de um laborat\u00f3rio particular dever\u00e1 ir at\u00e9 a C\u00e2mara Legislativa na manh\u00e3 de sexta-feira.<br \/>\n\u201cAtendendo ao pedido do deputado Chico Vigilante, solicitamos a um laborat\u00f3rio que venha a esta Casa na sexta-feira pela manh\u00e3 para efetuar teste do coronav\u00edrus em todos aqueles que estavam em plen\u00e1rio ontem (1\u00ba\/2). Essa \u00e9 uma medida inicialmente de seguran\u00e7a, para ver se existe alguma pessoa que foi infectada ou n\u00e3o. Se houver, essa pessoa deve seguir as normas estabelecidas pela Vigil\u00e2ncia Sanit\u00e1ria, pelo pr\u00f3prio Minist\u00e9rio da Sa\u00fade, e se afastar dos trabalhos at\u00e9 que se cumpra a quarentena\u201d, declarou o vice-presidente do parlamento local.<br \/>\n\u00c0 reportagem, Delmasso informou que, caso \u201cmuitos deputados\u201d testem positivo, uma vez que n\u00e3o haver\u00e1 qu\u00f3rum para vota\u00e7\u00f5es no plen\u00e1rio, \u00e9 poss\u00edvel que os trabalhos ocorram no formato remoto temporariamente.<br \/>\n\u201cSe muitos deputados testarem positivo, n\u00e3o ter\u00e1 qu\u00f3rum para vota\u00e7\u00f5es. A\u00ed, a minha proposta ser\u00e1 a sess\u00e3o remota at\u00e9 que se cumpra a quarentena de cada um. Mas, primeiro, precisamos avaliar quem est\u00e1 [infectado], quem n\u00e3o est\u00e1, se n\u00e3o foi ningu\u00e9m [que pegou Covid]. Precisamos primeiro fazer essa avalia\u00e7\u00e3o\u201d, pontuou.<br \/>\nPossibilidade de teletrabalho<br \/>\nDiante da alta de casos do novo coronav\u00edrus no DF, o presidente da C\u00e2mara, Rafael Prudente (MDB) indicou, ap\u00f3s a abertura os trabalhos nessa ter\u00e7a, que a volta ao regime remoto n\u00e3o est\u00e1 totalmente descartada. Ao ser questionado sobre o assunto, Prudente afirmou que \u201ca gente est\u00e1 sempre estudando essa possibilidade\u201d, mas que, \u201ca princ\u00edpio, temos os ambientes controlados\u201d.<br \/>\n\u201cN\u00f3s temos um encontro com o pessoal da \u00e1rea da Sa\u00fade, mas, a princ\u00edpio, temos os ambientes controlados. A Casa foi toda sanitizada, o acesso ao plen\u00e1rio est\u00e1 sendo restrito tamb\u00e9m. N\u00e3o tivemos grandes casos de Covid aqui na C\u00e2mara, \u00e9 sempre um ambiente muito controlado. Foi a primeira C\u00e2mara do pa\u00eds a entrar com medidas restritivas. Portanto, tenho confian\u00e7a em nossos servidores para cumprir com os protocolos sanit\u00e1rios da forma que tem que ser cumprido\u201d, afirmou.<\/p>\n","protected":false},"excerpt":{"rendered":"<p>Ap\u00f3s o deputado distrital Jorge Vianna (Podemos) ser diagnosticado com Covid-19, nesta quarta-feira (2\/2), a C\u00e2mara Legislativa do Distrito Federal (CLDF) organiza uma testagem de servidores e parlamentares para a pr\u00f3xima sexta (4\/2), nas depend\u00eancias da Casa. Na tarde dessa ter\u00e7a (1\u00ba\/2), na primeira sess\u00e3o da CLDF do ano, o distrital Jorge Vianna deixou o [&hellip;]<\/p>\n","protected":false},"author":4,"featured_media":5931,"comment_status":"open","ping_status":"open","sticky":false,"template":"","format":"standard","meta":{"footnotes":""},"categories":[4],"tags":[],"class_list":["post-5930","post","type-post","status-publish","format-standard","has-post-thumbnail","hentry","category-noticias"],"post_mailing_queue_ids":[],"_links":{"self":[{"href":"https:\/\/www.sodf.org.br\/wordpress\/wp-json\/wp\/v2\/posts\/5930","targetHints":{"allow":["GET"]}}],"collection":[{"href":"https:\/\/www.sodf.org.br\/wordpress\/wp-json\/wp\/v2\/posts"}],"about":[{"href":"https:\/\/www.sodf.org.br\/wordpress\/wp-json\/wp\/v2\/types\/post"}],"author":[{"embeddable":true,"href":"https:\/\/www.sodf.org.br\/wordpress\/wp-json\/wp\/v2\/users\/4"}],"replies":[{"embeddable":true,"href":"https:\/\/www.sodf.org.br\/wordpress\/wp-json\/wp\/v2\/comments?post=5930"}],"version-history":[{"count":1,"href":"https:\/\/www.sodf.org.br\/wordpress\/wp-json\/wp\/v2\/posts\/5930\/revisions"}],"predecessor-version":[{"id":5932,"href":"https:\/\/www.sodf.org.br\/wordpress\/wp-json\/wp\/v2\/posts\/5930\/revisions\/5932"}],"wp:featuredmedia":[{"embeddable":true,"href":"https:\/\/www.sodf.org.br\/wordpress\/wp-json\/wp\/v2\/media\/5931"}],"wp:attachment":[{"href":"https:\/\/www.sodf.org.br\/wordpress\/wp-json\/wp\/v2\/media?parent=5930"}],"wp:term":[{"taxonomy":"category","embeddable":true,"href":"https:\/\/www.sodf.org.br\/wordpress\/wp-json\/wp\/v2\/categories?post=5930"},{"taxonomy":"post_tag","embeddable":true,"href":"https:\/\/www.sodf.org.br\/wordpress\/wp-json\/wp\/v2\/tags?post=5930"}],"curies":[{"name":"wp","href":"https:\/\/api.w.org\/{rel}","templated":true}]}}