{"id":4128,"date":"2021-06-13T17:45:32","date_gmt":"2021-06-13T20:45:32","guid":{"rendered":"http:\/\/www.sodf.org.br\/wordpress\/?p=4128"},"modified":"2021-06-13T17:45:32","modified_gmt":"2021-06-13T20:45:32","slug":"numeros-da-vacinacao-oscilam-no-df-segunda-dose-sofre-queda","status":"publish","type":"post","link":"https:\/\/www.sodf.org.br\/wordpress\/numeros-da-vacinacao-oscilam-no-df-segunda-dose-sofre-queda\/","title":{"rendered":"N\u00fameros da vacina\u00e7\u00e3o oscilam no DF; segunda dose sofre queda"},"content":{"rendered":"<p>Em estoque na Rede de Frio Central do Distrito Federal, h\u00e1 cerca de 98,7 mil doses de vacinas contra a covid-19 para a aplica\u00e7\u00e3o da segunda dose. O governo local adotou uma postura de armazenar essas vacinas a fim de evitar que falte imunizante para o refor\u00e7o de quem recebeu a primeira dose na capital federal. Por\u00e9m, de acordo com dados da Secretaria de Sa\u00fade, na \u00faltima semana, o n\u00famero de aplica\u00e7\u00f5es di\u00e1rias da segunda dose sofreu quedas significativas.<\/p>\n<p class=\"texto\">Em pelo menos quatro dos \u00faltimos sete dias, o valor ficou abaixo de mil doses administradas (Veja N\u00famero de aplica\u00e7\u00f5es por dia). A estrat\u00e9gia da pasta \u00e9 remanejar as doses que est\u00e3o prestes a vencer. Para especialistas, \u00e9 preciso investir em comunica\u00e7\u00e3o e na busca ativa.<\/p>\n<p class=\"texto\">Interlocutores da Secretaria de Sa\u00fade afirmam que a pasta est\u00e1 ciente da situa\u00e7\u00e3o e explicam que a estrat\u00e9gia para evitar desperd\u00edcios consiste no remanejamento de doses. Os gestores do Comit\u00ea de Operacionaliza\u00e7\u00e3o da Vacina\u00e7\u00e3o entram em contato com os respons\u00e1veis por cada posto de vacina\u00e7\u00e3o e apuram quais e quantas vacinas destinadas \u00e0 segunda dose est\u00e3o pr\u00f3ximas da data de vencimento. A uma semana do prazo, a pasta remaneja a vacina que n\u00e3o foi procurada e a aplica como primeira dose nos grupos priorit\u00e1rios da campanha.<\/p>\n<p class=\"texto\">pessoas s\u00e3o orientadas sobre a import\u00e2ncia a segunda aplica\u00e7\u00e3o. Por\u00e9m, os gestores da pasta j\u00e1 teriam descartado a ideia de realizar uma busca ativa \u00e0s pessoas que n\u00e3o tomam o refor\u00e7o no prazo, pois n\u00e3o h\u00e1 m\u00e3o de obra suficiente.<\/p>\n<p class=\"texto\">A estrat\u00e9gia \u00e9 a mesma para moradores do DF e para as 125 mil pessoas de outros estados que se vacinaram contra o novo coronav\u00edrus na capital. Para a infectologista da Sociedade de Infectologia do Distrito Federal Val\u00e9ria Paes, o GDF deveria pensar mais em investir na busca ativa de quem deixa de tomar a segunda dose. \u201cAcredito que talvez seja necess\u00e1rio refor\u00e7ar a comunica\u00e7\u00e3o, pois h\u00e1 vacinas que t\u00eam tr\u00eas meses de intervalo entre as doses e, assim, a pessoa pode esquecer de se vacinar. Se fosse poss\u00edvel, o GDF pode convocar essas pessoas ou investir em busca ativa para evitar essa situa\u00e7\u00e3o\u201d, diz.<\/p>\n<h3><strong>Educa\u00e7\u00e3o<\/strong><\/h3>\n<p class=\"texto\">O governo local aguarda a chegada de 36,2 mil doses da vacina Janssen, da Johnson &amp; Johnson, para iniciar a imuniza\u00e7\u00e3o dos profissionais de educa\u00e7\u00e3o da rede p\u00fablica. A expectativa \u00e9 que a remessa chegue entre hoje e amanh\u00e3. A vacina \u00e9 a \u00fanica em aplica\u00e7\u00e3o na capital federal que funciona em dose \u00fanica. Mas, como ser\u00e3o entregues pr\u00f3ximas ao vencimento, as secretarias de Sa\u00fade e Educa\u00e7\u00e3o organizar\u00e3o uma for\u00e7a-tarefa para aplicar todas as doses do laborat\u00f3rio nos profissionais.<\/p>\n<p class=\"texto\">De acordo com a Secretaria de Educa\u00e7\u00e3o, a vacina\u00e7\u00e3o contra a covid-19 para todos os funcion\u00e1rios da rede p\u00fablica de educa\u00e7\u00e3o deve come\u00e7ar na quarta-feira. A inten\u00e7\u00e3o do GDF \u00e9 completar o atendimento a esse p\u00fablico at\u00e9 23 de junho.<\/p>\n<p class=\"texto\">O procedimento para a convoca\u00e7\u00e3o desses profissionais ser\u00e1 o mesmo adotado at\u00e9 agora. As escolas avisar\u00e3o por e-mail sobre o dia e lugar que dever\u00e3o comparecer. A lista com o nome dos convocados para vacina\u00e7\u00e3o ser\u00e1 publicada no site da Secretaria de Educa\u00e7\u00e3o. Al\u00e9m disso, os gestores da Sa\u00fade estudam a possibilidade de destinar os pontos por drive-thru exclusivamente para esse p\u00fablico durante o per\u00edodo que durar a \u201cmegaopera\u00e7\u00e3o\u201d.<\/p>\n<h3><strong>Onde vacinar<\/strong><\/h3>\n<p class=\"texto\">Postos abertos hoje (9h \u00e0s 17h)<\/p>\n<p class=\"texto\">Pontos gerais: Taguaparque; Uniplan, \u00c1guas Claras; Sesc Ceil\u00e2ndia; Parque da Cidade (estacionamento 12); Torre de TV; Iguatemi Shopping (Lago Norte).<\/p>\n<p class=\"texto\">Profissionais da educa\u00e7\u00e3o com nome na lista: Taguaparque; Sesc Ceil\u00e2ndia; Parque da Cidade (estacionamento 12); Torre de TV.<\/p>\n<p class=\"texto\">Exce\u00e7\u00f5es: Gestantes e pu\u00e9rperas com comorbidades devem procurar o<br \/>\ndrive-thru no Parque da Cidade (estacionamento 12).<\/p>\n<h3><strong>Palavra de especialista<\/strong><\/h3>\n<p class=\"texto\"><strong>Duas doses para a imuniza\u00e7\u00e3o<\/strong><\/p>\n<p>\u201cTodas as pesquisas iniciais feitas com as vacinas que est\u00e3o sendo aplicadas no DF foram baseadas na dupla aplica\u00e7\u00e3o, ou seja, no uso das duas doses. A vacina\u00e7\u00e3o com apenas uma dose de vacina, apesar de conferir uma certa imunidade, n\u00e3o garante toda a prote\u00e7\u00e3o que a gente pretende atingir com as campanhas. Ent\u00e3o, para considerar o paciente imunizado \u00e9 preciso que ele tenha tomado a segunda dose. Quanto mais pessoas estiverem com vacina\u00e7\u00e3o incompleta, mais chances h\u00e1 de se aumentar o n\u00famero de casos e de mortes pela covid-19, al\u00e9m de manter o \u00edndice de circula\u00e7\u00e3o viral no pico, o que favorece o surgimento de novas variantes, por exemplo. E, desse jeito, vamos demorar mais tempo para voltar a ter a t\u00e3o sonhada vida normal. Por isso, refor\u00e7o, a melhor vacina \u00e9 a que est\u00e1 dispon\u00edvel agora e \u00e9 preciso buscar a segunda dose. Precisamos sempre investir em campanhas, busca ativa, o que for preciso para conscientizar a popula\u00e7\u00e3o.\u201d\u00a0<strong>Ana Helena Germoglio<\/strong>, infectologista.<\/p>\n","protected":false},"excerpt":{"rendered":"<p>Em estoque na Rede de Frio Central do Distrito Federal, h\u00e1 cerca de 98,7 mil doses de vacinas contra a covid-19 para a aplica\u00e7\u00e3o da segunda dose. O governo local adotou uma postura de armazenar essas vacinas a fim de evitar que falte imunizante para o refor\u00e7o de quem recebeu a primeira dose na capital [&hellip;]<\/p>\n","protected":false},"author":4,"featured_media":4129,"comment_status":"open","ping_status":"open","sticky":false,"template":"","format":"standard","meta":{"footnotes":""},"categories":[4],"tags":[],"class_list":["post-4128","post","type-post","status-publish","format-standard","has-post-thumbnail","hentry","category-noticias"],"post_mailing_queue_ids":[],"_links":{"self":[{"href":"https:\/\/www.sodf.org.br\/wordpress\/wp-json\/wp\/v2\/posts\/4128","targetHints":{"allow":["GET"]}}],"collection":[{"href":"https:\/\/www.sodf.org.br\/wordpress\/wp-json\/wp\/v2\/posts"}],"about":[{"href":"https:\/\/www.sodf.org.br\/wordpress\/wp-json\/wp\/v2\/types\/post"}],"author":[{"embeddable":true,"href":"https:\/\/www.sodf.org.br\/wordpress\/wp-json\/wp\/v2\/users\/4"}],"replies":[{"embeddable":true,"href":"https:\/\/www.sodf.org.br\/wordpress\/wp-json\/wp\/v2\/comments?post=4128"}],"version-history":[{"count":1,"href":"https:\/\/www.sodf.org.br\/wordpress\/wp-json\/wp\/v2\/posts\/4128\/revisions"}],"predecessor-version":[{"id":4130,"href":"https:\/\/www.sodf.org.br\/wordpress\/wp-json\/wp\/v2\/posts\/4128\/revisions\/4130"}],"wp:featuredmedia":[{"embeddable":true,"href":"https:\/\/www.sodf.org.br\/wordpress\/wp-json\/wp\/v2\/media\/4129"}],"wp:attachment":[{"href":"https:\/\/www.sodf.org.br\/wordpress\/wp-json\/wp\/v2\/media?parent=4128"}],"wp:term":[{"taxonomy":"category","embeddable":true,"href":"https:\/\/www.sodf.org.br\/wordpress\/wp-json\/wp\/v2\/categories?post=4128"},{"taxonomy":"post_tag","embeddable":true,"href":"https:\/\/www.sodf.org.br\/wordpress\/wp-json\/wp\/v2\/tags?post=4128"}],"curies":[{"name":"wp","href":"https:\/\/api.w.org\/{rel}","templated":true}]}}