{"id":4125,"date":"2021-06-13T17:38:32","date_gmt":"2021-06-13T20:38:32","guid":{"rendered":"http:\/\/www.sodf.org.br\/wordpress\/?p=4125"},"modified":"2021-06-13T17:38:32","modified_gmt":"2021-06-13T20:38:32","slug":"covid-df-investiga-cepa-que-infectou-13-integrantes-da-selecao-venezuelana","status":"publish","type":"post","link":"https:\/\/www.sodf.org.br\/wordpress\/covid-df-investiga-cepa-que-infectou-13-integrantes-da-selecao-venezuelana\/","title":{"rendered":"Covid: DF investiga cepa que infectou 13 integrantes da sele\u00e7\u00e3o venezuelana"},"content":{"rendered":"<p>A Secretaria de Sa\u00fade do DF realiza an\u00e1lises laboratoriais para identificar qual cepa da Covid-19\u00a0<a href=\"https:\/\/www.metropoles.com\/esportes\/futebol\/venezuela-tem-12-infectados-por-covid-19-antes-de-jogo-contra-o-brasil?amp\" target=\"_blank\" rel=\"amphtml noopener\">infectou jogadores e integrantes da comiss\u00e3o t\u00e9cnica da sele\u00e7\u00e3o venezuelana<\/a>. A equipe do pa\u00eds vizinho est\u00e1 hospedada em Bras\u00edlia para o jogo de abertura da\u00a0<a href=\"https:\/\/www.metropoles.com\/tag\/copa-america?amp\" target=\"_blank\" rel=\"amphtml noopener\">Copa Am\u00e9rica<\/a>, marcado para domingo (13\/6). At\u00e9 a tarde de s\u00e1bado (12\/6), a pasta havia confirmado 12 testes positivos entre os venezuelanos \u2013 oito atletas e quatro integrantes da comiss\u00e3o t\u00e9cnica. \u00c0 noite, o n\u00famero subiu para 13, com mais um membro do staff doente. De acordo com o subsecret\u00e1rio de Vigil\u00e2ncia \u00e0 Sa\u00fade, Divino Valero, especialistas da pasta distrital foram ao Bras\u00edlia Palace Hotel, onde os <a href=\"https:\/\/www.metropoles.com\/esportes\/futebol\/venezuela-tem-12-infectados-por-covid-19-antes-de-jogo-contra-o-brasil?amp\" target=\"_blank\" rel=\"amphtml noopener\">integrantes da sele\u00e7\u00e3o est\u00e3o hospedados<\/a>, para colher o material e examinar a cepa. A suspeita \u00e9 de que essas pessoas j\u00e1 tenham chegado infectadas ao Brasil, pois n\u00e3o daria tempo de contra\u00edrem a doen\u00e7a e o exame j\u00e1 indicar resultado positivo, somente durante o trajeto de avi\u00e3o e a chegada a Bras\u00edlia.<\/p>\n<p>Como os integrantes da sele\u00e7\u00e3o venezuelana est\u00e3o em hotel brasiliense, j\u00e1 foi iniciada tamb\u00e9m a rastreabilidade do cont\u00e1gio dos funcion\u00e1rios do Bras\u00edlia Palace. Todos receberam informa\u00e7\u00f5es sobre precau\u00e7\u00f5es e alerta de aten\u00e7\u00e3o para poss\u00edveis sinais da Covid-19. A Venezuela tem jogo marcado contra a Sele\u00e7\u00e3o Brasileira neste domingo (13\/6), \u00e0s 18h, no est\u00e1dio Man\u00e9 Garrincha. O torneio e sua realiza\u00e7\u00e3o no Brasil foram motivos de intensa pol\u00eamica, justamente por causa da preocupa\u00e7\u00e3o de disseminar ainda mais o\u00a0<a href=\"https:\/\/www.metropoles.com\/tag\/covid-19?amp\" target=\"_blank\" rel=\"amphtml noopener\">coronav\u00edrus<\/a> no pa\u00eds. O\u00a0<strong>Metr\u00f3poles<\/strong>\u00a0entrou em contato com a Confedera\u00e7\u00e3o Sul-Americana de Futebol (Conmebol) questionando sobre o caso, mas n\u00e3o obteve retorno. O espa\u00e7o continua aberto para manifesta\u00e7\u00e3o.<\/p>\n","protected":false},"excerpt":{"rendered":"<p>A Secretaria de Sa\u00fade do DF realiza an\u00e1lises laboratoriais para identificar qual cepa da Covid-19\u00a0infectou jogadores e integrantes da comiss\u00e3o t\u00e9cnica da sele\u00e7\u00e3o venezuelana. A equipe do pa\u00eds vizinho est\u00e1 hospedada em Bras\u00edlia para o jogo de abertura da\u00a0Copa Am\u00e9rica, marcado para domingo (13\/6). At\u00e9 a tarde de s\u00e1bado (12\/6), a pasta havia confirmado 12 [&hellip;]<\/p>\n","protected":false},"author":4,"featured_media":4126,"comment_status":"open","ping_status":"open","sticky":false,"template":"","format":"standard","meta":{"footnotes":""},"categories":[4],"tags":[],"class_list":["post-4125","post","type-post","status-publish","format-standard","has-post-thumbnail","hentry","category-noticias"],"post_mailing_queue_ids":[],"_links":{"self":[{"href":"https:\/\/www.sodf.org.br\/wordpress\/wp-json\/wp\/v2\/posts\/4125","targetHints":{"allow":["GET"]}}],"collection":[{"href":"https:\/\/www.sodf.org.br\/wordpress\/wp-json\/wp\/v2\/posts"}],"about":[{"href":"https:\/\/www.sodf.org.br\/wordpress\/wp-json\/wp\/v2\/types\/post"}],"author":[{"embeddable":true,"href":"https:\/\/www.sodf.org.br\/wordpress\/wp-json\/wp\/v2\/users\/4"}],"replies":[{"embeddable":true,"href":"https:\/\/www.sodf.org.br\/wordpress\/wp-json\/wp\/v2\/comments?post=4125"}],"version-history":[{"count":1,"href":"https:\/\/www.sodf.org.br\/wordpress\/wp-json\/wp\/v2\/posts\/4125\/revisions"}],"predecessor-version":[{"id":4127,"href":"https:\/\/www.sodf.org.br\/wordpress\/wp-json\/wp\/v2\/posts\/4125\/revisions\/4127"}],"wp:featuredmedia":[{"embeddable":true,"href":"https:\/\/www.sodf.org.br\/wordpress\/wp-json\/wp\/v2\/media\/4126"}],"wp:attachment":[{"href":"https:\/\/www.sodf.org.br\/wordpress\/wp-json\/wp\/v2\/media?parent=4125"}],"wp:term":[{"taxonomy":"category","embeddable":true,"href":"https:\/\/www.sodf.org.br\/wordpress\/wp-json\/wp\/v2\/categories?post=4125"},{"taxonomy":"post_tag","embeddable":true,"href":"https:\/\/www.sodf.org.br\/wordpress\/wp-json\/wp\/v2\/tags?post=4125"}],"curies":[{"name":"wp","href":"https:\/\/api.w.org\/{rel}","templated":true}]}}