{"id":4122,"date":"2021-06-13T17:36:22","date_gmt":"2021-06-13T20:36:22","guid":{"rendered":"http:\/\/www.sodf.org.br\/wordpress\/?p=4122"},"modified":"2021-06-13T17:36:22","modified_gmt":"2021-06-13T20:36:22","slug":"laudo-internet-e-negacionismo-o-que-leva-as-pessoas-a-nao-tomar-vacina","status":"publish","type":"post","link":"https:\/\/www.sodf.org.br\/wordpress\/laudo-internet-e-negacionismo-o-que-leva-as-pessoas-a-nao-tomar-vacina\/","title":{"rendered":"Laudo, internet e negacionismo: o que leva as pessoas a n\u00e3o tomar vacina"},"content":{"rendered":"<p>Em 19 de janeiro deste ano, o Distrito Federal iniciou a campanha de vacina\u00e7\u00e3o contra a\u00a0<a href=\"https:\/\/www.metropoles.com\/tag\/covid-19?amp\" target=\"_blank\" rel=\"amphtml noopener\">Covid-19<\/a>\u00a0de grupos priorit\u00e1rios, em meio a um cen\u00e1rio de apreens\u00e3o devido aos alarmantes n\u00fameros de casos de infec\u00e7\u00f5es e mortes pela doen\u00e7a em todo o pa\u00eds. Na \u00faltima semana, no entanto, o\u00a0<a href=\"https:\/\/www.metropoles.com\/colunas\/janela-indiscreta\/covid-19-gdf-alerta-sobre-baixa-procura-de-publicos-alvo-por-vacina?amp\" target=\"_blank\" rel=\"amphtml noopener\">Governo do Distrito Federal (GDF) alertou sobre a baixa procura de imuniza\u00e7\u00e3o pelos p\u00fablicos-alvos da vacina<\/a>. H\u00e1 tamb\u00e9m a tend\u00eancia da popula\u00e7\u00e3o de\u00a0<a href=\"https:\/\/www.metropoles.com\/colunas\/janela-indiscreta\/sommelier-de-vacina-baixa-procura-e-por-escolha-de-marca-diz-gdf?amp\" target=\"_blank\" rel=\"amphtml noopener\">procurar um local que esteja aplicando uma marca espec\u00edfica do f\u00e1rmaco<\/a>.<\/p>\n<p>O\u00a0<strong>Metr\u00f3poles<\/strong>\u00a0foi \u00e0s ruas de regi\u00f5es administrativas da capital da Rep\u00fablica para apurar sobre as raz\u00f5es que est\u00e3o afetando o comprometimento dos n\u00fameros da vacina\u00e7\u00e3o.<\/p>\n<p>Os motivos v\u00e3o desde negacionismo, dist\u00e2ncia do local de vacina\u00e7\u00e3o e dificuldades para conseguir laudo comprobat\u00f3rio de comorbidades at\u00e9 problemas com o sistema informatizado para a marca\u00e7\u00e3o da vacina\u00e7\u00e3o.<\/p>\n<h5>Dificuldades<\/h5>\n<p>A dona de casa Charlene Fernandes, 39 anos, mora no Trecho I do Setor Habitacional Sol Nascente e tenta, h\u00e1 10 dias, tomar a primeira dose da vacina. Ela tem comorbidades, mas ainda n\u00e3o conseguiu agendar data para a imuniza\u00e7\u00e3o.<\/p>\n<p>Para a reportagem, a mulher relatou que tem problemas na tireoide e possui o \u00edndice de massa corporal (IMC) acima de 40 \u2013 condi\u00e7\u00f5es que a incluem como parte do grupo priorit\u00e1rio. \u201cEu n\u00e3o tenho a documenta\u00e7\u00e3o comprobat\u00f3ria. Comecei a correr atr\u00e1s assim que liberaram o agendamento para a minha idade. J\u00e1 fui a um posto de sa\u00fade de Ceil\u00e2ndia e me disseram que, para conseguir a dose, eu preciso comprovar as doen\u00e7as, por meio de laudo. A minha maior dificuldade est\u00e1 sendo conseguir marcar uma consulta com endocrinologista na rede p\u00fablica\u201d, afirmou.<\/p>\n<p>Segundo Charlene, as datas mais pr\u00f3ximas para agendamento de consultas s\u00e3o para daqui a tr\u00eas meses. \u201c\u00c9 muita dificuldade. Temos que colocar o nome em uma lista para conseguir acesso. Eu n\u00e3o tenho condi\u00e7\u00f5es de pagar na rede privada, mas vou tentar. Eu preciso vacinar logo. Se eu for esperar para tomar na minha idade, vai demorar muito. O governo est\u00e1 dificultando. Eu quero me imunizar e n\u00e3o consigo. Estou apta, mas n\u00e3o tenho o laudo\u201d, acrescentou.<\/p>\n<p>Charlene contou ainda que foi infectada pelo v\u00edrus e passou 15 dias internada no Hospital Regional de Ceil\u00e2ndia (HRC). \u201cAconteceu h\u00e1 cinco meses. Se eu pegar de novo, tenho medo do que pode acontecer. Fui muito bem acompanhada. Ainda estou me recuperando.\u201d<\/p>\n<p>Moradora do mesmo lote da dona de casa, a m\u00e3e de Charlene, Maria de F\u00e1tima Silva Bel\u00e9m, de 59 anos, tamb\u00e9m est\u00e1 enfrentando dificuldades no agendamento da vacina. No caso dela, a marca\u00e7\u00e3o pode ser realizada pela idade, mas a fam\u00edlia alega que n\u00e3o est\u00e1 conseguindo um local pr\u00f3ximo de casa. \u201cDesde que liberaram o agendamento pela idade, j\u00e1 tentamos diversas vezes. O site d\u00e1 fora do ar, cai a conex\u00e3o. Na hora que conseguimos acessar as op\u00e7\u00f5es de locais para a imuniza\u00e7\u00e3o, n\u00e3o aparece nenhum pr\u00f3ximo de casa. Est\u00e1 complicado\u201d, alegou.<\/p>\n<p>A fam\u00edlia avalia que o sistema de registro na internet n\u00e3o atende a todos os p\u00fablicos. \u201cN\u00f3s temos entendimento e ainda assim surgem dificuldades. Fica mais complicado a quem n\u00e3o tem acesso \u00e0 internet. Muitas pessoas nem sequer entendem como funciona o agendamento\u201d, opinou Charlene.<\/p>\n<p>Lucineide Nascimento de Sousa, 42, teve paralisia infantil e \u00e9 cadeirante. Ela mora na Ch\u00e1cara 36 do Sol Nascente e n\u00e3o possui Benef\u00edcio de Presta\u00e7\u00e3o Continuada (BPC). A dona de casa conta que, nas tentativas de realizar o agendamento para receber a primeira dose da imuniza\u00e7\u00e3o, o CPF aparece como inv\u00e1lido. \u201cO meu documento est\u00e1 dando como inexistente. J\u00e1 tentei de diversas maneiras. Vou preferir esperar chegar a minha idade. Estou evitando passar nervoso. Eu j\u00e1 fui at\u00e9 um posto, mas me pediram um laudo. Para que um laudo, se eu estou sentada numa cadeira de rodas?\u201d, questionou. \u201cEstou com muita dificuldade\u201d, completou Lucineide.<\/p>\n<h5>Negacionismo<\/h5>\n<p>No Trecho II do Sol Nascente, o aposentado Jaime da Concei\u00e7\u00e3o Souza, 64, declara que n\u00e3o acredita na efic\u00e1cia da vacina. Ele comentou que j\u00e1 foi infectado com a doen\u00e7a e, como teve apenas sintomas leves, conseguiu se recuperar em casa.<\/p>\n<p>\u201cN\u00e3o quero me vacinar e tenho direito. Acredito que a vacina deve ser avaliada caso a caso. Cada um tem o livre-arb\u00edtrio para resolver se imunizar, ou n\u00e3o\u201d, disse.<\/p>\n<h6>Dist\u00e2ncia de casa<\/h6>\n<p>A moradora do P\u00f4r do Sol L\u00facia do Nascimento, 47, \u00e9 m\u00e3e de Jorge do Nascimento, 23, deficiente mental. Ela comenta que n\u00e3o conseguiu agendar a vacina para o filho em local pr\u00f3ximo da casa deles, porque n\u00e3o tem internet na resid\u00eancia.<\/p>\n<p>\u201cEu s\u00f3 consigo tentar agendar quando vou ao trabalho, uma vez por semana. Fa\u00e7o pelo celular. At\u00e9 hoje, n\u00e3o consegui um posto de imuniza\u00e7\u00e3o pr\u00f3ximo da nossa resid\u00eancia. Meu filho n\u00e3o consegue sair para muito longe e n\u00e3o possu\u00edmos ve\u00edculo. Estou aguardando uma vaga para vacinar perto de casa\u201d, relatou.<\/p>\n<p>Em resposta aos problemas, a\u00a0<a href=\"http:\/\/www.saude.df.gov.br\/\" target=\"_blank\" rel=\"noopener\">Secretaria de Sa\u00fade do Distrito Federal<\/a>\u00a0pontuou que, no caso de atendimento realizado rotineiramente na rede p\u00fablica, o sistema j\u00e1 verifica o tipo de acompanhamento e a comorbidade que o paciente tem, e n\u00e3o h\u00e1 necessidade de relat\u00f3rio m\u00e9dico. Esse documento \u00e9 exigido apenas de pessoas assistidas na rede particular de Sa\u00fade, que n\u00e3o t\u00eam seu quadro catalogado na central da rede p\u00fablica.<\/p>\n<p>\u201cO sistema da Secretaria de Sa\u00fade ir\u00e1 reconhecer, por meio do CPF do usu\u00e1rio, se ele \u00e9 portador de alguma comorbidade, no caso de haver registro de atendimentos no SUS. N\u00e3o havendo esse reconhecimento, o usu\u00e1rio poder\u00e1 se cadastrar, mas dever\u00e1 apresentar um laudo m\u00e9dico quando for vacinar, ap\u00f3s o agendamento ser anunciado. Importante esclarecer que os dados informados devem ser comprovados, pois o cidad\u00e3o declara estar prestando informa\u00e7\u00f5es verdadeiras\u201d, comunicou a pasta.<\/p>\n<p>Com rela\u00e7\u00e3o ao agendamento, a pasta distrital esclareceu que a medida foi adotada ap\u00f3s campanha de imuniza\u00e7\u00e3o destinada ao p\u00fablico idoso, de 80 a 60 anos, sem a necessidade de marca\u00e7\u00e3o. Nesse contexto, o \u00f3rg\u00e3o observou que, em diversas ocasi\u00f5es, houve muita aglomera\u00e7\u00e3o nos pontos de vacina\u00e7\u00e3o \u2013 gerando, consequentemente, risco aos pacientes.<\/p>\n<p>\u201cPor este motivo, e visando o conforto da popula\u00e7\u00e3o, al\u00e9m de evitar as aglomera\u00e7\u00f5es, \u00e9 que o GDF considera a decis\u00e3o de dar continuidade ao agendamento a mais acertada no momento. Somente no dia 10 de junho, foram administradas 14 mil doses por meio de agendamento.\u201d<\/p>\n<h5>Vacin\u00f4metro<\/h5>\n<p>A\u00a0<a href=\"http:\/\/www.saude.df.gov.br\/\" target=\"_blank\" rel=\"noopener\">Secretaria de Sa\u00fade do Distrito Federal (SES-DF)<\/a>\u00a0aplicou 1.062.908 doses de vacina contra a Covid-19 at\u00e9 a noite da \u00faltima quinta-feira (10\/6). Os dados constam no\u00a0<a href=\"http:\/\/www.saude.df.gov.br\/vacinometro\/\" target=\"_blank\" rel=\"noopener\">vacin\u00f4metro<\/a>\u00a0da pasta.<\/p>\n<p>Desse total, 735.966 receberam a primeira dose e 326.942, as duas aplica\u00e7\u00f5es. Esses n\u00fameros indicam que 14,15% da popula\u00e7\u00e3o maior de 18 anos, na capital federal, est\u00e3o imunizados com as duas doses da vacina. Em rela\u00e7\u00e3o \u00e0 popula\u00e7\u00e3o geral, o DF j\u00e1 aplicou a primeira dose em 24,11%. J\u00e1 a D2 foi aplicada em 10,71%.<\/p>\n<p>Na \u00faltima coletiva sobre as a\u00e7\u00f5es do GDF no combate \u00e0 pandemia do novo coronav\u00edrus, realizada na quinta, o\u00a0secret\u00e1rio de Sa\u00fade,\u00a0<a href=\"https:\/\/www.metropoles.com\/tag\/osnei-okumoto?amp\" target=\"_blank\" rel=\"amphtml noopener\">Osnei Okumoto<\/a>, afirmou que a baixa procura nos postos de imuniza\u00e7\u00e3o contra a Covid-19 se deve \u00e0 tend\u00eancia de a popula\u00e7\u00e3o procurar um local que esteja aplicando um tipo espec\u00edfico de vacina.<\/p>\n<p>Okumoto refor\u00e7ou que o n\u00famero expressivo se deve a uma programa\u00e7\u00e3o feita pelo GDF, a ser cumprida nos pr\u00f3ximos dias. A iniciativa estabelece que, caso os grupos contemplados n\u00e3o sejam imunizados, todas as doses ser\u00e3o redirecionadas.<\/p>\n<blockquote><p>\u201cO que est\u00e1 acontecendo ainda s\u00e3o escolhas pela marca da vacina. Estamos tentando minimizar esse n\u00famero de pessoas que fazem o agendamento, fazem o cadastro e n\u00e3o v\u00e3o vacinar. Quando as pessoas v\u00e3o at\u00e9 a localidade, elas desistem de se vacinar quando descobrem o tipo de imunizante dispon\u00edvel. O que a gente vai fazer \u00e9 baixar as idades e, se a gente observar que est\u00e1 tendo dificuldade de vacinar e o motivo for o agendamento, se for o caso, vamos reavaliar o agendamento. At\u00e9 agora, contudo, o que demonstra \u00e9 que as pessoas est\u00e3o escolhendo a marca da vacina\u201d, disse.<\/p><\/blockquote>\n<p>Tamb\u00e9m presente na coletiva de imprensa, o secret\u00e1rio-chefe da Casa Civil,\u00a0<a href=\"https:\/\/www.metropoles.com\/tag\/gustavo-rocha?amp\" target=\"_blank\" rel=\"amphtml noopener\">Gustavo Rocha<\/a>, afirmou que, na atual fase da vacina\u00e7\u00e3o, a diferen\u00e7a de grupos et\u00e1rios entre as unidades da Federa\u00e7\u00e3o se deve \u00e0 aplica\u00e7\u00e3o de imunizantes que deveriam ser reservados \u00e0 segunda dose, mas s\u00e3o usados como se fosse a primeira, em outras cidades. \u201cMantivemos a D1 para D1 e D2 para D2. Isso n\u00e3o ocorreu em outros estados\u201d, frisou.<\/p>\n<h5>Educa\u00e7\u00e3o<\/h5>\n<p>Rocha tamb\u00e9m afirmou que 36,2 mil doses da vacina Janssen, da Johnson &amp; Johnson, ser\u00e3o destinadas para a vacina\u00e7\u00e3o de profissionais de educa\u00e7\u00e3o p\u00fablica do Distrito Federal. A decis\u00e3o foi tomada porque o lote chegar\u00e1 com prazo de validade at\u00e9 o dia 27 de junho e, por isso, a imuniza\u00e7\u00e3o ser\u00e1 em massa, com apenas uma dose, conforme orienta o laborat\u00f3rio.<\/p>\n<p>De acordo com o titular da Casa Civil do DF, a remessa da nova f\u00f3rmula deve chegar entre domingo (13\/6) e ter\u00e7a-feira (15\/6). As doses do imunizante ser\u00e3o aplicadas exclusivamente em gestores, professores e servidores administrativos da rede p\u00fablica do Distrito Federal. A ideia \u00e9 dar seguimento \u00e0 expectativa do governador Ibaneis Rocha (MDB) para a retomada das aulas em agosto. Outras 1,8 mil doses da Coronavac ser\u00e3o utilizadas para finalizar a vacina\u00e7\u00e3o de profissionais de creche. Assim, ser\u00e3o 38 mil doses para a educa\u00e7\u00e3o p\u00fablica no DF.<\/p>\n<blockquote><p>\u201cEm alguns momentos, at\u00e9 22% n\u00e3o compareceram para vacina\u00e7\u00e3o. A Educa\u00e7\u00e3o e a Sa\u00fade montar\u00e3o uma opera\u00e7\u00e3o de guerra para vacinar essas pessoas. Como foi repercutido pela imprensa, a Janssen tem prazo de validade at\u00e9 o dia 27. Ser\u00e1 feita uma lista pela Secretaria de Educa\u00e7\u00e3o, por escola. No momento em que for confirmada a chegada da vacina, esses profissionais precisam buscar imediatamente o seu posto. A vacina \u00e9 uma dose s\u00f3\u201d, frisou.<\/p><\/blockquote>\n<p>Ainda segundo Gustavo Rocha, outras categorias, al\u00e9m da faixa et\u00e1ria dos 55 anos, receber\u00e3o as remessas para continuar com a vacina\u00e7\u00e3o dos grupos priorit\u00e1rios. O secret\u00e1rio-chefe afirmou que ser\u00e3o 5 mil doses para rodovi\u00e1rios, mais 15 mil para pessoas com comorbidades e 10 mil para pessoas com defici\u00eancia e sem BPC.<\/p>\n<h5>53 anos<\/h5>\n<p>O agendamento para vacina\u00e7\u00e3o contra a Covid-19 a pessoas com 53 anos ou mais, sem comorbidades, come\u00e7ou na sexta-feira (11\/6). Ser\u00e3o destinadas 114 mil doses para atender \u00e0s pessoas com idade entre 53 e 59 anos. O n\u00famero de unidades dispon\u00edveis considera somente os indiv\u00edduos pertencentes a essas faixas et\u00e1rias e que, por n\u00e3o integrarem outros grupos eleg\u00edveis para a imuniza\u00e7\u00e3o, ainda n\u00e3o receberam a primeira dose da vacina.<\/p>\n<p>Nas contas do governo local, todos os servidores da seguran\u00e7a j\u00e1 foram imunizados, encerrando a destina\u00e7\u00e3o de vacinas para esse p\u00fablico.<\/p>\n<p>A cobertura vacinal da primeira dose entre as faixas et\u00e1rias ultrapassa 100% em pessoas com 70 anos ou mais. Isso ocorre porque moradores de outras unidades da Federa\u00e7\u00e3o buscaram vacina\u00e7\u00e3o no DF, o que n\u00e3o estava previsto dentro da estimativa populacional. Com o refor\u00e7o, a cobertura vacinal passa 100% em pessoas com 75 anos ou mais e chega a 98,51% em quem tem de 70 a 74 anos.<\/p>\n","protected":false},"excerpt":{"rendered":"<p>Em 19 de janeiro deste ano, o Distrito Federal iniciou a campanha de vacina\u00e7\u00e3o contra a\u00a0Covid-19\u00a0de grupos priorit\u00e1rios, em meio a um cen\u00e1rio de apreens\u00e3o devido aos alarmantes n\u00fameros de casos de infec\u00e7\u00f5es e mortes pela doen\u00e7a em todo o pa\u00eds. Na \u00faltima semana, no entanto, o\u00a0Governo do Distrito Federal (GDF) alertou sobre a baixa [&hellip;]<\/p>\n","protected":false},"author":4,"featured_media":4123,"comment_status":"open","ping_status":"open","sticky":false,"template":"","format":"standard","meta":{"footnotes":""},"categories":[4],"tags":[],"class_list":["post-4122","post","type-post","status-publish","format-standard","has-post-thumbnail","hentry","category-noticias"],"post_mailing_queue_ids":[],"_links":{"self":[{"href":"https:\/\/www.sodf.org.br\/wordpress\/wp-json\/wp\/v2\/posts\/4122","targetHints":{"allow":["GET"]}}],"collection":[{"href":"https:\/\/www.sodf.org.br\/wordpress\/wp-json\/wp\/v2\/posts"}],"about":[{"href":"https:\/\/www.sodf.org.br\/wordpress\/wp-json\/wp\/v2\/types\/post"}],"author":[{"embeddable":true,"href":"https:\/\/www.sodf.org.br\/wordpress\/wp-json\/wp\/v2\/users\/4"}],"replies":[{"embeddable":true,"href":"https:\/\/www.sodf.org.br\/wordpress\/wp-json\/wp\/v2\/comments?post=4122"}],"version-history":[{"count":1,"href":"https:\/\/www.sodf.org.br\/wordpress\/wp-json\/wp\/v2\/posts\/4122\/revisions"}],"predecessor-version":[{"id":4124,"href":"https:\/\/www.sodf.org.br\/wordpress\/wp-json\/wp\/v2\/posts\/4122\/revisions\/4124"}],"wp:featuredmedia":[{"embeddable":true,"href":"https:\/\/www.sodf.org.br\/wordpress\/wp-json\/wp\/v2\/media\/4123"}],"wp:attachment":[{"href":"https:\/\/www.sodf.org.br\/wordpress\/wp-json\/wp\/v2\/media?parent=4122"}],"wp:term":[{"taxonomy":"category","embeddable":true,"href":"https:\/\/www.sodf.org.br\/wordpress\/wp-json\/wp\/v2\/categories?post=4122"},{"taxonomy":"post_tag","embeddable":true,"href":"https:\/\/www.sodf.org.br\/wordpress\/wp-json\/wp\/v2\/tags?post=4122"}],"curies":[{"name":"wp","href":"https:\/\/api.w.org\/{rel}","templated":true}]}}