{"id":4118,"date":"2021-06-10T22:03:11","date_gmt":"2021-06-11T01:03:11","guid":{"rendered":"http:\/\/www.sodf.org.br\/wordpress\/?p=4118"},"modified":"2021-06-10T22:03:11","modified_gmt":"2021-06-11T01:03:11","slug":"covid-19-vacinacao-para-pessoas-com-55-anos-ou-mais-comeca-na-segunda","status":"publish","type":"post","link":"https:\/\/www.sodf.org.br\/wordpress\/covid-19-vacinacao-para-pessoas-com-55-anos-ou-mais-comeca-na-segunda\/","title":{"rendered":"Covid-19: vacina\u00e7\u00e3o para pessoas com 55 anos ou mais come\u00e7a na segunda"},"content":{"rendered":"<p>A\u00a0<a href=\"https:\/\/www.correiobraziliense.com.br\/cidades-df\/2021\/06\/4930386-vacinacao-gdf-descarta-a-realizacao-de-um-calendario-previo.html\">vacina\u00e7\u00e3o contra a covid-19<\/a>\u00a0para as pessoas com 55 anos ou mais come\u00e7ar\u00e1 na pr\u00f3xima segunda-feira (14\/6).\u00a0O agendamento para este grupo ser\u00e1 aberto \u00e0s 14h desta sexta-feira (11\/6). Al\u00e9m disso, as pessoas com 58 e 59 anos tamb\u00e9m poder\u00e3o voltar a agendar o atendimento. Para todos, ser\u00e3o 65 mil vagas.<\/p>\n<p class=\"texto\">O agendamento pode ser feito por meio do site\u00a0<a href=\"http:\/\/fivenews.cbnet.net.br\/vacina.saude.df.gov.br\">vacina.saude.df.gov.br<\/a>. Ser\u00e1 poss\u00edvel escolher local, data e hor\u00e1rio da vacina\u00e7\u00e3o.<\/p>\n<p class=\"texto\">Al\u00e9m disso, a Secretaria de Sa\u00fade vai contemplar\u00a0<a href=\"https:\/\/www.correiobraziliense.com.br\/cidades-df\/2021\/06\/4930401-moradores-de-rua-serao-vacinados-na-proxima-semana-no-df.html\">outros grupos com doses remanejadas<\/a>. A vacina\u00e7\u00e3o para as categorias profissionais ocorrer\u00e1 por meio de listas enviadas pelos \u00f3rg\u00e3os ou entidades representantes e em pontos espec\u00edficos a serem definidos. As pessoas com defici\u00eancia e sem cadastro no BPC devm agendar o atendimento assim como pessoas com comorbidades. As pessoas em situa\u00e7\u00e3o de rua ser\u00e3o vacinadas pelas equipes do Consult\u00f3rio de Rua do GDF.<\/p>\n<h3>Veja como ficar\u00e1 a distribui\u00e7\u00e3o de doses por grupo:<\/h3>\n<p class=\"texto\">200 doses para profissionais do DER<\/p>\n<p class=\"texto\">256 doses para servidores da Ag\u00eancia Nacional de Vigil\u00e2ncia Sanit\u00e1ria (Anvisa)<\/p>\n<p class=\"texto\">500 doses para servidores do Minist\u00e9rio da Sa\u00fade<\/p>\n<p class=\"texto\">500 doses para a assist\u00eancia social<\/p>\n<p class=\"texto\">1 mil doses aeroportu\u00e1rios<\/p>\n<p class=\"texto\">2 mil para moradores de rua<\/p>\n<p class=\"texto\">3,6 mil doses para for\u00e7as armadas<\/p>\n<p class=\"texto\">5 mil doses para rodovi\u00e1rios<\/p>\n<p class=\"texto\">5 mil para deficientes sem BPC<\/p>\n<p class=\"texto\">8 mil doses para finalizar as for\u00e7as de seguran\u00e7a p\u00fablica<\/p>\n<div id=\"cb-publicidade-retangulo-interna-4\" class=\"pub-ret\" data-google-query-id=\"CLPjl76wjvECFRQB1AodcmcIdw\">\n<p class=\"texto\">10 mil para pessoas com comorbidades a partir de 18 anos<\/p>\n<p class=\"texto\">34 mil para profissionais da educa\u00e7\u00e3o do setor p\u00fablico<\/p>\n<p class=\"texto\">22 mil para pessoas com 58 e 59 anos<\/p>\n<p class=\"texto\">43\u00a0mil doses para pessoas com 55 a 57 anos<\/p>\n<\/div>\n","protected":false},"excerpt":{"rendered":"<p>A\u00a0vacina\u00e7\u00e3o contra a covid-19\u00a0para as pessoas com 55 anos ou mais come\u00e7ar\u00e1 na pr\u00f3xima segunda-feira (14\/6).\u00a0O agendamento para este grupo ser\u00e1 aberto \u00e0s 14h desta sexta-feira (11\/6). Al\u00e9m disso, as pessoas com 58 e 59 anos tamb\u00e9m poder\u00e3o voltar a agendar o atendimento. Para todos, ser\u00e3o 65 mil vagas. O agendamento pode ser feito por [&hellip;]<\/p>\n","protected":false},"author":4,"featured_media":4120,"comment_status":"open","ping_status":"open","sticky":false,"template":"","format":"standard","meta":{"footnotes":""},"categories":[4],"tags":[],"class_list":["post-4118","post","type-post","status-publish","format-standard","has-post-thumbnail","hentry","category-noticias"],"post_mailing_queue_ids":[],"_links":{"self":[{"href":"https:\/\/www.sodf.org.br\/wordpress\/wp-json\/wp\/v2\/posts\/4118","targetHints":{"allow":["GET"]}}],"collection":[{"href":"https:\/\/www.sodf.org.br\/wordpress\/wp-json\/wp\/v2\/posts"}],"about":[{"href":"https:\/\/www.sodf.org.br\/wordpress\/wp-json\/wp\/v2\/types\/post"}],"author":[{"embeddable":true,"href":"https:\/\/www.sodf.org.br\/wordpress\/wp-json\/wp\/v2\/users\/4"}],"replies":[{"embeddable":true,"href":"https:\/\/www.sodf.org.br\/wordpress\/wp-json\/wp\/v2\/comments?post=4118"}],"version-history":[{"count":1,"href":"https:\/\/www.sodf.org.br\/wordpress\/wp-json\/wp\/v2\/posts\/4118\/revisions"}],"predecessor-version":[{"id":4121,"href":"https:\/\/www.sodf.org.br\/wordpress\/wp-json\/wp\/v2\/posts\/4118\/revisions\/4121"}],"wp:featuredmedia":[{"embeddable":true,"href":"https:\/\/www.sodf.org.br\/wordpress\/wp-json\/wp\/v2\/media\/4120"}],"wp:attachment":[{"href":"https:\/\/www.sodf.org.br\/wordpress\/wp-json\/wp\/v2\/media?parent=4118"}],"wp:term":[{"taxonomy":"category","embeddable":true,"href":"https:\/\/www.sodf.org.br\/wordpress\/wp-json\/wp\/v2\/categories?post=4118"},{"taxonomy":"post_tag","embeddable":true,"href":"https:\/\/www.sodf.org.br\/wordpress\/wp-json\/wp\/v2\/tags?post=4118"}],"curies":[{"name":"wp","href":"https:\/\/api.w.org\/{rel}","templated":true}]}}