{"id":4110,"date":"2021-06-10T21:49:49","date_gmt":"2021-06-11T00:49:49","guid":{"rendered":"http:\/\/www.sodf.org.br\/wordpress\/?p=4110"},"modified":"2021-06-10T21:49:49","modified_gmt":"2021-06-11T00:49:49","slug":"gdf-vai-vacinar-2-mil-pessoas-em-situacao-de-rua-contra-a-covid-19","status":"publish","type":"post","link":"https:\/\/www.sodf.org.br\/wordpress\/gdf-vai-vacinar-2-mil-pessoas-em-situacao-de-rua-contra-a-covid-19\/","title":{"rendered":"GDF vai vacinar 2 mil pessoas em situa\u00e7\u00e3o de rua contra a Covid-19"},"content":{"rendered":"<p>O Governo do Distrito Federal (GDF) decidiu incluir as pessoas em situa\u00e7\u00e3o de rua, em vulnerabilidade social, na atual fase da campanha de vacina\u00e7\u00e3o contra\u00a0<a href=\"https:\/\/www.metropoles.com\/tag\/covid-19?amp\" target=\"_blank\" rel=\"amphtml noopener\">Covid-19<\/a>. A informa\u00e7\u00e3o foi dada nesta quinta-feira (10\/6) durante coletiva de imprensa. Segundo o secret\u00e1rio chefe da Casa Civil,\u00a0<a href=\"https:\/\/www.metropoles.com\/tag\/gustavo-rocha?amp\" target=\"_blank\" rel=\"amphtml noopener\">Gustavo Rocha<\/a>, a sele\u00e7\u00e3o ser\u00e1 feita pela Secretaria de Desenvolvimento Social (Sedes-DF), por meio de cadastros para recebimento de benef\u00edcios sociais.<\/p>\n<h5>Divis\u00e3o de doses<\/h5>\n<p>Na mesma coletiva, o GDF detalhou nesta quinta-feira (10\/6) os novos grupos priorit\u00e1rios a serem contemplados com a primeira dose da vacina pela Secretaria de Sa\u00fade. Segundo o secret\u00e1rio chefe da Casa Civil, Gustavo Rocha, a nova remessa do Minist\u00e9rio da Sa\u00fade vai permitir a redu\u00e7\u00e3o da faixa et\u00e1ria para 55 anos, organizar uma \u201copera\u00e7\u00e3o de guerra\u201d para imunizar servidores da Secretaria de Educa\u00e7\u00e3o e dar continuidade \u00e0 campanha para outras categorias (veja abaixo).<\/p>\n<p>O remanejamento das doses visa dar mais velocidade, reduzir as idade e incluir outras classes profissionais. A secretaria destacou 120 mil doses para vacina\u00e7\u00e3o:<\/p>\n<div class=\"m-banner-wrap m-banner-rectangle m-publicity-content-middle\">\n<div id=\"MTP_PUB_CAT_PAI_DFP-quadrado-2\" class=\"ad-quadrado\"><\/div>\n<\/div>\n<ul>\n<li>500 doses para servidores do Minist\u00e9rio da Sa\u00fade;<\/li>\n<li>245 doses para servidores da Anvisa;<\/li>\n<li>38 mil doses para Secretaria de Educa\u00e7\u00e3o (incluindo continuidade de profissionais de creches);<\/li>\n<li>2 mil doses para pessoas em situa\u00e7\u00e3o de rua;<\/li>\n<li>5 mil doses para rodovi\u00e1rios;<\/li>\n<li>1 mil doses para aeroportu\u00e1rios;<\/li>\n<li>15 mil doses para continuar vacina\u00e7\u00e3o de pessoas com comorbidades;<\/li>\n<li>10 mil doses para continuar vacina\u00e7\u00e3o de pessoas com defici\u00eancia sem BPC;<\/li>\n<li>43 mil doses para pessoas com 55 anos;<\/li>\n<li>1,5 mil para profissionais da \u00e1rea de seguran\u00e7a p\u00fablica.<\/li>\n<li>\n<h6>Educa\u00e7\u00e3o<\/h6>\n<p>Rocha tamb\u00e9m afirmou que cerca de 36,2 mil doses da vacina Janssen, da Johnson &amp; Johnson, ser\u00e3o destinadas para a vacina\u00e7\u00e3o de profissionais de educa\u00e7\u00e3o p\u00fablica do Distrito Federal. A decis\u00e3o foi tomada porque o lote chegar\u00e1 com prazo de validade at\u00e9 o dia 27 de junho e, por isso, a imuniza\u00e7\u00e3o ser\u00e1 em massa, com apenas uma dose, conforme orienta o laborat\u00f3rio.<\/li>\n<li>Segundo o secret\u00e1rio, a remessa da nova f\u00f3rmula deve chegar entre domingo (12\/5) e ter\u00e7a-feira (14\/5) e ser\u00e3o aplicadas exclusivamente para gestores, professores e servidores administrativos da rede p\u00fablica do Distrito Federal. A ideia \u00e9 dar seguimento \u00e0 expectativa do governador Ibaneis Rocha (MDB) para a retomada das aulas no m\u00eas de agosto. Outras 1,8 mil doses da Coronavac ser\u00e3o utilizadas, para finalizar vacina\u00e7\u00e3o de profissionais de creche, completando, assim, 38 mil doses para a Educa\u00e7\u00e3o p\u00fablica do DF.<\/li>\n<li>Rocha tamb\u00e9m afirmou que outras categorias, al\u00e9m da faixa et\u00e1ria dos 55 anos, tamb\u00e9m receber\u00e3o as remessas para continuar com a vacina\u00e7\u00e3o dos grupos priorit\u00e1rios. Segundo ele, cinco mil doses ser\u00e3o para rodovi\u00e1rios, mais 15 mil para pessoas com comorbidades e 10 mil para pessoas com defici\u00eancia e sem BPC.<br \/>\n<h5>55 anos<\/h5>\n<p>O governador\u00a0<a href=\"https:\/\/www.metropoles.com\/tag\/ibaneis-rocha?amp\" target=\"_blank\" rel=\"amphtml noopener\">Ibaneis Rocha (MDB)<\/a> anunciou, na manh\u00e3 desta quinta-feira (10\/6), que o agendamento para vacina\u00e7\u00e3o contra a Covid-19, no que se refere a pessoas com 55 anos ou mais, sem comorbidades, come\u00e7ar\u00e1 ao meio-dia na sexta-feira (11\/6). S\u00e3o 43 mil pessoas, dos cerca de 60 mil, da faixa et\u00e1rio. A diferen\u00e7a \u00e9 daqueles que j\u00e1 se vacinaram por estarem contemplados em outras categorias.<\/li>\n<li>Segundo Ibaneis informou \u00e0 coluna Grande Angular, com as doses da Janssen, ser\u00e1 poss\u00edvel imunizar todos os profissionais da educa\u00e7\u00e3o p\u00fablica da capital federal. \u201cAssim, pretendemos retornar \u00e0s aulas\u201d, disse.\n<p>Como mostrou o\u00a0<strong>Metr\u00f3poles<\/strong>\u00a0em\u00a0<a href=\"https:\/\/www.metropoles.com\/distrito-federal\/professores-da-rede-publica-descartam-volta-as-salas-de-aula-em-agosto?amp\" target=\"_blank\" rel=\"amphtml noopener\">mat\u00e9ria publicada nesta quinta-feira (10\/6), professores recusam-se a voltar \u00e0s aulas presenciais sem a imuniza\u00e7\u00e3o<\/a>. A retomada das atividades nas escolas est\u00e1 prevista para agosto.<\/li>\n<li>Nas contas do governo local, todos os servidores da seguran\u00e7a j\u00e1 foram imunizados, encerrando a destina\u00e7\u00e3o de vacinas para esse p\u00fablico.<\/li>\n<\/ul>\n","protected":false},"excerpt":{"rendered":"<p>O Governo do Distrito Federal (GDF) decidiu incluir as pessoas em situa\u00e7\u00e3o de rua, em vulnerabilidade social, na atual fase da campanha de vacina\u00e7\u00e3o contra\u00a0Covid-19. A informa\u00e7\u00e3o foi dada nesta quinta-feira (10\/6) durante coletiva de imprensa. Segundo o secret\u00e1rio chefe da Casa Civil,\u00a0Gustavo Rocha, a sele\u00e7\u00e3o ser\u00e1 feita pela Secretaria de Desenvolvimento Social (Sedes-DF), por [&hellip;]<\/p>\n","protected":false},"author":4,"featured_media":4111,"comment_status":"open","ping_status":"open","sticky":false,"template":"","format":"standard","meta":{"footnotes":""},"categories":[4],"tags":[],"class_list":["post-4110","post","type-post","status-publish","format-standard","has-post-thumbnail","hentry","category-noticias"],"post_mailing_queue_ids":[],"_links":{"self":[{"href":"https:\/\/www.sodf.org.br\/wordpress\/wp-json\/wp\/v2\/posts\/4110","targetHints":{"allow":["GET"]}}],"collection":[{"href":"https:\/\/www.sodf.org.br\/wordpress\/wp-json\/wp\/v2\/posts"}],"about":[{"href":"https:\/\/www.sodf.org.br\/wordpress\/wp-json\/wp\/v2\/types\/post"}],"author":[{"embeddable":true,"href":"https:\/\/www.sodf.org.br\/wordpress\/wp-json\/wp\/v2\/users\/4"}],"replies":[{"embeddable":true,"href":"https:\/\/www.sodf.org.br\/wordpress\/wp-json\/wp\/v2\/comments?post=4110"}],"version-history":[{"count":1,"href":"https:\/\/www.sodf.org.br\/wordpress\/wp-json\/wp\/v2\/posts\/4110\/revisions"}],"predecessor-version":[{"id":4112,"href":"https:\/\/www.sodf.org.br\/wordpress\/wp-json\/wp\/v2\/posts\/4110\/revisions\/4112"}],"wp:featuredmedia":[{"embeddable":true,"href":"https:\/\/www.sodf.org.br\/wordpress\/wp-json\/wp\/v2\/media\/4111"}],"wp:attachment":[{"href":"https:\/\/www.sodf.org.br\/wordpress\/wp-json\/wp\/v2\/media?parent=4110"}],"wp:term":[{"taxonomy":"category","embeddable":true,"href":"https:\/\/www.sodf.org.br\/wordpress\/wp-json\/wp\/v2\/categories?post=4110"},{"taxonomy":"post_tag","embeddable":true,"href":"https:\/\/www.sodf.org.br\/wordpress\/wp-json\/wp\/v2\/tags?post=4110"}],"curies":[{"name":"wp","href":"https:\/\/api.w.org\/{rel}","templated":true}]}}