{"id":4102,"date":"2021-06-09T21:24:50","date_gmt":"2021-06-10T00:24:50","guid":{"rendered":"http:\/\/www.sodf.org.br\/wordpress\/?p=4102"},"modified":"2021-06-09T21:24:50","modified_gmt":"2021-06-10T00:24:50","slug":"mp-recomenda-mudancas-na-contratacao-de-pessoal-pelo-iges-df","status":"publish","type":"post","link":"https:\/\/www.sodf.org.br\/wordpress\/mp-recomenda-mudancas-na-contratacao-de-pessoal-pelo-iges-df\/","title":{"rendered":"MP recomenda mudan\u00e7as na contrata\u00e7\u00e3o de pessoal pelo Iges-DF"},"content":{"rendered":"<p>O Minist\u00e9rio P\u00fablico do Distrito Federal e Territ\u00f3rios (MPDFT) recomendou altera\u00e7\u00f5es nas regras de contrata\u00e7\u00e3o de pessoal do\u00a0<a href=\"https:\/\/igesdf.org.br\/\" target=\"_blank\" rel=\"noopener\">Instituto de Gest\u00e3o Estrat\u00e9gica do DF (Iges-DF)<\/a>. De acordo com a\u00a0<a href=\"https:\/\/www.mpdft.mp.br\/portal\/\" target=\"_blank\" rel=\"noopener\">Promotoria de Justi\u00e7a de Defesa da Sa\u00fade (Prosus)<\/a>\u00a0\u00a0as mudan\u00e7as s\u00e3o necess\u00e1rias para evitar poss\u00edvel favorecimento de candidatos nos processos seletivos.<\/p>\n<p>Segundo a recomenda\u00e7\u00e3o, devem ser inclu\u00eddas na Resolu\u00e7\u00e3o 06\/2019 novas hip\u00f3teses de impedimento e suspei\u00e7\u00e3o de membros da banca examinadora. Para o\u00a0<a href=\"https:\/\/www.metropoles.com\/tag\/mpdft?amp\" target=\"_blank\" rel=\"amphtml noopener\">MPDFT<\/a>, sem a altera\u00e7\u00e3o, deve ser declarado o impedimento ou a suspei\u00e7\u00e3o de examinadores nos processos seletivos j\u00e1 em curso. Na leitura da\u00a0<a href=\"https:\/\/www.metropoles.com\/tag\/prosus?amp\" target=\"_blank\" rel=\"amphtml noopener\">Prosus<\/a>, h\u00e1 riscos de favorecimentos por parentesco, amizade, sociedade, rela\u00e7\u00e3o acad\u00eamica, por exemplo. O documento foi expedido no \u00faltimo dia 4 e o prazo para resposta \u00e9 de 10 dias.<\/p>\n<p>\u201c\u00c9 importante que o Iges-DF fa\u00e7a ajustes na condu\u00e7\u00e3o, na legalidade e na transpar\u00eancia dos atos relacionados aos processos seletivos para contrata\u00e7\u00e3o de pessoal\u201d, ressaltou o promotor de Justi\u00e7a Clayton Germano.<\/p>\n<p>A Prosus recebeu den\u00fancias de supostas irregularidades no processo seletivo do\u00a0<a href=\"https:\/\/www.metropoles.com\/tag\/iges-df?amp\" target=\"_blank\" rel=\"amphtml noopener\">Iges-DF<\/a>\u00a0para o cargo de M\u00e9dico I \u2013 Ortopedista.\u00a0Quatro candidatos teriam sido favorecidos por um membro da banca, de quem s\u00e3o s\u00f3cios em uma cl\u00ednica particular.<\/p>\n<p>O examinador, que \u00e9 servidor do Hospital de Base, foi respons\u00e1vel por dar notas aos s\u00f3cios.<\/p>\n<p>De acordo com o documento, \u201ca integralidade dos recursos financeiros geridos pelo Iges-DF possuem origem p\u00fablica no or\u00e7amento do Fundo de Sa\u00fade do Distrito Federal e, portanto [\u2026], o processo de sele\u00e7\u00e3o para admiss\u00e3o de pessoal deve ser conduzido de forma p\u00fablica, objetiva e impessoal, com observ\u00e2ncia dos princ\u00edpios da publicidade, da impessoalidade, da moralidade, da economicidade e da efici\u00eancia\u201d.<\/p>\n<p>Em fevereiro de 2021, a Prosus j\u00e1 havia recomendado ao Iges-DF provid\u00eancias para regularizar a publica\u00e7\u00e3o das contrata\u00e7\u00f5es e demiss\u00f5es de pessoal no Boletim de Atos Oficiais.<\/p>\n","protected":false},"excerpt":{"rendered":"<p>O Minist\u00e9rio P\u00fablico do Distrito Federal e Territ\u00f3rios (MPDFT) recomendou altera\u00e7\u00f5es nas regras de contrata\u00e7\u00e3o de pessoal do\u00a0Instituto de Gest\u00e3o Estrat\u00e9gica do DF (Iges-DF). De acordo com a\u00a0Promotoria de Justi\u00e7a de Defesa da Sa\u00fade (Prosus)\u00a0\u00a0as mudan\u00e7as s\u00e3o necess\u00e1rias para evitar poss\u00edvel favorecimento de candidatos nos processos seletivos. Segundo a recomenda\u00e7\u00e3o, devem ser inclu\u00eddas na Resolu\u00e7\u00e3o [&hellip;]<\/p>\n","protected":false},"author":4,"featured_media":4103,"comment_status":"open","ping_status":"open","sticky":false,"template":"","format":"standard","meta":{"footnotes":""},"categories":[4],"tags":[],"class_list":["post-4102","post","type-post","status-publish","format-standard","has-post-thumbnail","hentry","category-noticias"],"post_mailing_queue_ids":[],"_links":{"self":[{"href":"https:\/\/www.sodf.org.br\/wordpress\/wp-json\/wp\/v2\/posts\/4102","targetHints":{"allow":["GET"]}}],"collection":[{"href":"https:\/\/www.sodf.org.br\/wordpress\/wp-json\/wp\/v2\/posts"}],"about":[{"href":"https:\/\/www.sodf.org.br\/wordpress\/wp-json\/wp\/v2\/types\/post"}],"author":[{"embeddable":true,"href":"https:\/\/www.sodf.org.br\/wordpress\/wp-json\/wp\/v2\/users\/4"}],"replies":[{"embeddable":true,"href":"https:\/\/www.sodf.org.br\/wordpress\/wp-json\/wp\/v2\/comments?post=4102"}],"version-history":[{"count":2,"href":"https:\/\/www.sodf.org.br\/wordpress\/wp-json\/wp\/v2\/posts\/4102\/revisions"}],"predecessor-version":[{"id":4105,"href":"https:\/\/www.sodf.org.br\/wordpress\/wp-json\/wp\/v2\/posts\/4102\/revisions\/4105"}],"wp:featuredmedia":[{"embeddable":true,"href":"https:\/\/www.sodf.org.br\/wordpress\/wp-json\/wp\/v2\/media\/4103"}],"wp:attachment":[{"href":"https:\/\/www.sodf.org.br\/wordpress\/wp-json\/wp\/v2\/media?parent=4102"}],"wp:term":[{"taxonomy":"category","embeddable":true,"href":"https:\/\/www.sodf.org.br\/wordpress\/wp-json\/wp\/v2\/categories?post=4102"},{"taxonomy":"post_tag","embeddable":true,"href":"https:\/\/www.sodf.org.br\/wordpress\/wp-json\/wp\/v2\/tags?post=4102"}],"curies":[{"name":"wp","href":"https:\/\/api.w.org\/{rel}","templated":true}]}}