{"id":4091,"date":"2021-06-08T18:17:40","date_gmt":"2021-06-08T21:17:40","guid":{"rendered":"http:\/\/www.sodf.org.br\/wordpress\/?p=4091"},"modified":"2021-06-08T18:18:49","modified_gmt":"2021-06-08T21:18:49","slug":"copa-america-conselho-nacional-dos-direitos-humanos-pede-ao-gdf-parecer-com-risco-sanitario","status":"publish","type":"post","link":"https:\/\/www.sodf.org.br\/wordpress\/copa-america-conselho-nacional-dos-direitos-humanos-pede-ao-gdf-parecer-com-risco-sanitario\/","title":{"rendered":"Copa Am\u00e9rica: Conselho Nacional dos Direitos Humanos pede ao GDF parecer com risco sanit\u00e1rio"},"content":{"rendered":"<p>O\u00a0<a href=\"https:\/\/www.metropoles.com\/brasil\/justica\/presidente-do-cndh-critica-alinhamento-e-submissao-de-aras?amp\" target=\"_blank\" rel=\"amphtml noopener\">Conselho Nacional de Direitos Humanos (CNDH)<\/a>\u00a0solicitou que o\u00a0<a href=\"https:\/\/www.metropoles.com\/conteudo-especial\/gdf-reforca-campanhas-e-acoes-para-o-enfrentamento-da-covid-19?amp\" target=\"_blank\" rel=\"amphtml noopener\">Governo do Distrito Federal (GDF)<\/a>\u00a0apresente um parecer t\u00e9cnico e detalhado indicando os riscos sanit\u00e1rios que podem ocorrer com a realiza\u00e7\u00e3o da\u00a0<a href=\"https:\/\/www.metropoles.com\/esportes\/futebol\/ministerio-da-saude-detalha-protocolos-para-copa-america-confira?amp\" target=\"_blank\" rel=\"amphtml noopener\">Copa Am\u00e9rica<\/a>\u00a0no Est\u00e1dio Nacional Man\u00e9 Garrincha.<\/p>\n<div class=\"m-banner-wrap m-banner-rectangle m-publicity-content-middle\">\n<div id=\"MTP_PUB_CAT_PAI_DFP-quadrado-1\" class=\"ad-quadrado\">\n<p>A cobran\u00e7a \u00e9 consequ\u00eancia de uma recomenda\u00e7\u00e3o emitida pelo \u00f3rg\u00e3o nacional, <a href=\"https:\/\/www.metropoles.com\/colunas\/guilherme-amado\/cndh-recomenda-que-copa-america-nao-seja-no-brasil?amp\" target=\"_blank\" rel=\"amphtml noopener\">noticiada pelo colunista Guilherme Amado<\/a>, do\u00a0<strong>Metr\u00f3poles<\/strong>, sobre a realiza\u00e7\u00e3o do campeonato no Brasil.Ao\u00a0<a href=\"https:\/\/www.metropoles.com\/entretenimento\/karol-conka-diz-que-odio-contra-ela-deveria-ser-centrado-em-bolsonaro?amp\" target=\"_blank\" rel=\"amphtml noopener\">presidente Jair Bolsonaro (sem partido)<\/a>, \u00e0\u00a0<a href=\"https:\/\/www.metropoles.com\/brasil\/copa-america-mpf-pede-investigacao-de-cbf-tvs-e-patrocinadores?amp\" target=\"_blank\" rel=\"amphtml noopener\">Confedera\u00e7\u00e3o Brasileira de Futebol (CBF)<\/a>\u00a0e aos governadores e prefeitos, o conselho a n\u00e3o realiza\u00e7\u00e3o do evento esportivo \u201cenquanto n\u00e3o houver plenas condi\u00e7\u00f5es de seguran\u00e7a sanit\u00e1rias\u201d.<\/p>\n<p>No caso do GDF, o \u00f3rg\u00e3o pede que as autoridades sanit\u00e1rias locais apresentem o documento \u201ccom a informa\u00e7\u00e3o expl\u00edcita se \u00e9 poss\u00edvel afirmar que o evento n\u00e3o apresenta risco sanit\u00e1rio ou apresenta risco calculado e control\u00e1vel frente a pandemia de Covid-19\u201d. O\u00a0<a href=\"https:\/\/www.metropoles.com\/colunas\/janela-indiscreta\/com-medidas-sanitarias-ibaneis-autoriza-copa-america-em-brasilia?amp\" target=\"_blank\" rel=\"amphtml noopener\">governador Ibaneis Rocha (MDB)<\/a> antecipou que os jogos ser\u00e3o sem p\u00fablico. A confirma\u00e7\u00e3o ocorre ap\u00f3s a Conmebol ter anunciado, no fim de maio, a realiza\u00e7\u00e3o do campeonato internacional no Brasil e do presidente Jair Bolsonaro ter assegurado Bras\u00edlia como uma das cidades que v\u00e3o sediar os jogos. A mudan\u00e7a ocorreu depois que a entidade retirou a Copa Am\u00e9rica da Col\u00f4mbia, devido aos protestos que ocorrem no pa\u00eds, e tamb\u00e9m ter cancelado os jogos na Argentina. A Sele\u00e7\u00e3o Brasileira faz a sua estreia, na segunda-feira (14\/6), contra a Venezuela.<\/p>\n<\/div>\n<\/div>\n","protected":false},"excerpt":{"rendered":"<p>O\u00a0Conselho Nacional de Direitos Humanos (CNDH)\u00a0solicitou que o\u00a0Governo do Distrito Federal (GDF)\u00a0apresente um parecer t\u00e9cnico e detalhado indicando os riscos sanit\u00e1rios que podem ocorrer com a realiza\u00e7\u00e3o da\u00a0Copa Am\u00e9rica\u00a0no Est\u00e1dio Nacional Man\u00e9 Garrincha. A cobran\u00e7a \u00e9 consequ\u00eancia de uma recomenda\u00e7\u00e3o emitida pelo \u00f3rg\u00e3o nacional, noticiada pelo colunista Guilherme Amado, do\u00a0Metr\u00f3poles, sobre a realiza\u00e7\u00e3o do campeonato [&hellip;]<\/p>\n","protected":false},"author":4,"featured_media":4092,"comment_status":"open","ping_status":"open","sticky":false,"template":"","format":"standard","meta":{"footnotes":""},"categories":[4],"tags":[],"class_list":["post-4091","post","type-post","status-publish","format-standard","has-post-thumbnail","hentry","category-noticias"],"post_mailing_queue_ids":[],"_links":{"self":[{"href":"https:\/\/www.sodf.org.br\/wordpress\/wp-json\/wp\/v2\/posts\/4091","targetHints":{"allow":["GET"]}}],"collection":[{"href":"https:\/\/www.sodf.org.br\/wordpress\/wp-json\/wp\/v2\/posts"}],"about":[{"href":"https:\/\/www.sodf.org.br\/wordpress\/wp-json\/wp\/v2\/types\/post"}],"author":[{"embeddable":true,"href":"https:\/\/www.sodf.org.br\/wordpress\/wp-json\/wp\/v2\/users\/4"}],"replies":[{"embeddable":true,"href":"https:\/\/www.sodf.org.br\/wordpress\/wp-json\/wp\/v2\/comments?post=4091"}],"version-history":[{"count":2,"href":"https:\/\/www.sodf.org.br\/wordpress\/wp-json\/wp\/v2\/posts\/4091\/revisions"}],"predecessor-version":[{"id":4094,"href":"https:\/\/www.sodf.org.br\/wordpress\/wp-json\/wp\/v2\/posts\/4091\/revisions\/4094"}],"wp:featuredmedia":[{"embeddable":true,"href":"https:\/\/www.sodf.org.br\/wordpress\/wp-json\/wp\/v2\/media\/4092"}],"wp:attachment":[{"href":"https:\/\/www.sodf.org.br\/wordpress\/wp-json\/wp\/v2\/media?parent=4091"}],"wp:term":[{"taxonomy":"category","embeddable":true,"href":"https:\/\/www.sodf.org.br\/wordpress\/wp-json\/wp\/v2\/categories?post=4091"},{"taxonomy":"post_tag","embeddable":true,"href":"https:\/\/www.sodf.org.br\/wordpress\/wp-json\/wp\/v2\/tags?post=4091"}],"curies":[{"name":"wp","href":"https:\/\/api.w.org\/{rel}","templated":true}]}}