{"id":4088,"date":"2021-06-08T18:14:37","date_gmt":"2021-06-08T21:14:37","guid":{"rendered":"http:\/\/www.sodf.org.br\/wordpress\/?p=4088"},"modified":"2021-06-08T18:20:13","modified_gmt":"2021-06-08T21:20:13","slug":"df-inicia-3a-fase-de-vacinacao-contra-influenza-nesta-quarta-9-6","status":"publish","type":"post","link":"https:\/\/www.sodf.org.br\/wordpress\/df-inicia-3a-fase-de-vacinacao-contra-influenza-nesta-quarta-9-6\/","title":{"rendered":"DF inicia 3\u00aa fase de vacina\u00e7\u00e3o contra influenza nesta quarta (9\/6)"},"content":{"rendered":"<p>Come\u00e7a nesta quarta-feira (9\/6) a terceira fase da 23\u00aa\u00a0<a href=\"https:\/\/www.metropoles.com\/brasil\/saiba-como-sera-vacinacao-contra-a-gripe-que-comeca-nesta-segunda?amp\" target=\"_blank\" rel=\"amphtml noopener\">Campanha Nacional de Vacina\u00e7\u00e3o contra a Gripe<\/a>, que garante prote\u00e7\u00e3o contra a Influenza A (H1N1), Influenza A (H3N2) e Influenza B.<\/p>\n<p>Nesta etapa, a previs\u00e3o \u00e9 vacinar 342.327 pessoas do novo grupo priorit\u00e1rio, al\u00e9m daqueles que n\u00e3o procuraram os pontos de vacina\u00e7\u00e3o nas duas fases anteriores. At\u00e9 o momento, foram vacinadas 339.490 pessoas. Ao todo, 100 postos de vacina disponibilizam o imunizante no Distrito Federal.\u00a0<a href=\"https:\/\/www.metropoles.com\/distrito-federal\/vacina-contra-a-gripe-esta-disponivel-em-100-postos-no-df-veja-locais?amp\" target=\"_blank\" rel=\"amphtml noopener\">Confira os endere\u00e7os.<\/a><\/p>\n<p><img decoding=\"async\" class=\"i-amphtml-fill-content i-amphtml-replaced-content\" src=\"https:\/\/uploads.metropoles.com\/wp-content\/uploads\/2021\/06\/08170720\/vacinacao-influenza-DF.jpg\" sizes=\"(max-width: 1360px) 1313px, 100vw\" srcset=\"https:\/\/uploads.metropoles.com\/wp-content\/uploads\/2021\/06\/08170720\/vacinacao-influenza-DF.jpg 600w, https:\/\/uploads.metropoles.com\/wp-content\/uploads\/2021\/06\/08170720\/vacinacao-influenza-DF-250x300.jpg 250w\" alt=\"Vacina\u00e7\u00e3o contra a influenza\" data-description=\"Reprodu\u00e7\u00e3o\/SES-DF\" \/><\/p>\n<p>Neste ano, a imuniza\u00e7\u00e3o foi dividida em etapas: o primeiro p\u00fablico-alvo contemplado foi de crian\u00e7as de 6 meses a menores de 6 anos de idade (5 anos, 11 meses e 29 dias), gestantes, pu\u00e9rperas, povos ind\u00edgenas e trabalhadores da Sa\u00fade.<\/p>\n<h5>Influenza<\/h5>\n<p>A influenza \u00e9 uma infec\u00e7\u00e3o respirat\u00f3ria aguda, causada pelos v\u00edrus A, B, C e D. O v\u00edrus A est\u00e1 associado a epidemias e pandemias, tem comportamento sazonal e apresenta aumento no n\u00famero de casos entre as esta\u00e7\u00f5es clim\u00e1ticas mais frias.<\/p>\n<p>Assim como a Covid-19, \u00e9 uma doen\u00e7a perigosa e que requer aten\u00e7\u00e3o quanto aos cuidados com a higiene. De acordo com a enfermeira da \u00e1rea t\u00e9cnica de imuniza\u00e7\u00e3o da Secretaria de Sa\u00fade, Fernanda Ledes, a doen\u00e7a tamb\u00e9m leva a hospitaliza\u00e7\u00f5es, complica\u00e7\u00f5es e ao \u00f3bito.<\/p>\n<p>Segundo ela, \u201c\u00e9 de extrema import\u00e2ncia que todas as pessoas que s\u00e3o grupo priorit\u00e1rio estejam adequadamente vacinadas contra a influenza\u201d.<\/p>\n<h5>Cobertura vacinal<\/h5>\n<p>A campanha de vacina\u00e7\u00e3o est\u00e1 em andamento e, at\u00e9 agora, nenhum dos grupos eleg\u00edveis atingiu ao menos 50% de cobertura vacinal. A meta do Minist\u00e9rio da Sa\u00fade \u00e9 alcan\u00e7ar 90% do p\u00fablico-alvo que no DF \u00e9 estimado em 1.117.656 de pessoas.<\/p>\n<p>Com as baixas coberturas, a Secretaria de Sa\u00fade refor\u00e7a a necessidade de as pessoas contempladas com a vacina procurem a unidade de vacina\u00e7\u00e3o mais pr\u00f3xima e se protejam contra o v\u00edrus.\u00a0<a href=\"https:\/\/www.metropoles.com\/saude\/vacina-da-gripe-e-da-covid-19-ao-mesmo-tempo-tire-suas-duvidas?amp\" target=\"_blank\" rel=\"amphtml noopener\">\u00c9 importante destacar que o cidad\u00e3o contemplado com a vacina contra a covid-19 e que seja eleg\u00edvel para receber a dose contra a influenza, se atente ao intervalo entre as doses<\/a>.<\/p>\n<blockquote><p>\u201cLembramos que a vacina contra a influenza n\u00e3o protege contra a covid e a vacina contra a covid n\u00e3o protege contra a influenza. Ent\u00e3o, se voc\u00ea \u00e9 grupo priorit\u00e1rio para as duas vacinas, voc\u00ea deve tomar as duas vacinas respeitando o intervalo de 14 dias entre elas\u201d, explica Fernanda Ledes.<\/p>\n<p>Se a pessoa for vacinada contra a Covid-19 recebendo o imunizante AstraZeneca ou Pfizer\/BioNTech, n\u00e3o \u00e9 necess\u00e1rio aguardar completar o esquema vacinal, uma vez que o intervalo entre as doses desses laborat\u00f3rios \u00e9 de 90 dias. Diferentemente da Coronavac, que \u00e9 de at\u00e9 28 dias.<\/p>\n<div class=\"hstpnetworkads\"><\/div>\n<p>Ou seja, nos dois casos informados acima, basta aguardar 14 dias, procurar uma unidade de sa\u00fade e fazer a dose da influenza dentro desse intervalo. A vacina garante prote\u00e7\u00e3o contra os v\u00edrus influenza A H1N1 e H3N2, e B.<\/p><\/blockquote>\n","protected":false},"excerpt":{"rendered":"<p>Come\u00e7a nesta quarta-feira (9\/6) a terceira fase da 23\u00aa\u00a0Campanha Nacional de Vacina\u00e7\u00e3o contra a Gripe, que garante prote\u00e7\u00e3o contra a Influenza A (H1N1), Influenza A (H3N2) e Influenza B. Nesta etapa, a previs\u00e3o \u00e9 vacinar 342.327 pessoas do novo grupo priorit\u00e1rio, al\u00e9m daqueles que n\u00e3o procuraram os pontos de vacina\u00e7\u00e3o nas duas fases anteriores. At\u00e9 [&hellip;]<\/p>\n","protected":false},"author":4,"featured_media":4089,"comment_status":"open","ping_status":"open","sticky":false,"template":"","format":"standard","meta":{"footnotes":""},"categories":[4],"tags":[],"class_list":["post-4088","post","type-post","status-publish","format-standard","has-post-thumbnail","hentry","category-noticias"],"post_mailing_queue_ids":[],"_links":{"self":[{"href":"https:\/\/www.sodf.org.br\/wordpress\/wp-json\/wp\/v2\/posts\/4088","targetHints":{"allow":["GET"]}}],"collection":[{"href":"https:\/\/www.sodf.org.br\/wordpress\/wp-json\/wp\/v2\/posts"}],"about":[{"href":"https:\/\/www.sodf.org.br\/wordpress\/wp-json\/wp\/v2\/types\/post"}],"author":[{"embeddable":true,"href":"https:\/\/www.sodf.org.br\/wordpress\/wp-json\/wp\/v2\/users\/4"}],"replies":[{"embeddable":true,"href":"https:\/\/www.sodf.org.br\/wordpress\/wp-json\/wp\/v2\/comments?post=4088"}],"version-history":[{"count":1,"href":"https:\/\/www.sodf.org.br\/wordpress\/wp-json\/wp\/v2\/posts\/4088\/revisions"}],"predecessor-version":[{"id":4090,"href":"https:\/\/www.sodf.org.br\/wordpress\/wp-json\/wp\/v2\/posts\/4088\/revisions\/4090"}],"wp:featuredmedia":[{"embeddable":true,"href":"https:\/\/www.sodf.org.br\/wordpress\/wp-json\/wp\/v2\/media\/4089"}],"wp:attachment":[{"href":"https:\/\/www.sodf.org.br\/wordpress\/wp-json\/wp\/v2\/media?parent=4088"}],"wp:term":[{"taxonomy":"category","embeddable":true,"href":"https:\/\/www.sodf.org.br\/wordpress\/wp-json\/wp\/v2\/categories?post=4088"},{"taxonomy":"post_tag","embeddable":true,"href":"https:\/\/www.sodf.org.br\/wordpress\/wp-json\/wp\/v2\/tags?post=4088"}],"curies":[{"name":"wp","href":"https:\/\/api.w.org\/{rel}","templated":true}]}}