{"id":4081,"date":"2021-06-08T09:48:12","date_gmt":"2021-06-08T12:48:12","guid":{"rendered":"http:\/\/www.sodf.org.br\/wordpress\/?p=4081"},"modified":"2021-06-08T09:48:54","modified_gmt":"2021-06-08T12:48:54","slug":"bebe-deve-ir-ao-dentista-a-partir-do-nascimento-do-primeiro-dente","status":"publish","type":"post","link":"https:\/\/www.sodf.org.br\/wordpress\/bebe-deve-ir-ao-dentista-a-partir-do-nascimento-do-primeiro-dente\/","title":{"rendered":"Beb\u00ea deve ir ao dentista a partir do nascimento do primeiro dente&#8230;"},"content":{"rendered":"<p>Engana-se quem acredita que, como as crian\u00e7as perdem dentes na primeira inf\u00e2ncia (a chamada denti\u00e7\u00e3o &#8220;de leite&#8221;), elas n\u00e3o precisam de cuidados espec\u00edficos ou de acompanhamento especializado. Embora, de fato, a primeira denti\u00e7\u00e3o da crian\u00e7a seja provis\u00f3ria, ela tem fun\u00e7\u00f5es importantes como guiar o nascimento do dente permanente e garantir o bom desenvolvimento da mastiga\u00e7\u00e3o no in\u00edcio da alimenta\u00e7\u00e3o s\u00f3lida&#8230;. &#8220;Hoje, o trabalho com crian\u00e7as \u00e9 muito voltado para a preven\u00e7\u00e3o, garantindo que a crian\u00e7a venha ao consult\u00f3rio para manter a sa\u00fade dental, n\u00e3o apenas para tratar alguma urg\u00eancia ou les\u00e3o&#8221;, explica o dentista Luiz Evaristo Ricci Volpato, atual tesoureiro do CFO (Conselho Federal de Odontologia) e professor de Odontologia da UNIC (Universidade de Cuiab\u00e1). O especialista afirma que a recomenda\u00e7\u00e3o atual \u00e9 que os pais ou respons\u00e1veis levem a crian\u00e7a ao dentista a partir do nascimento do primeiro dente. &#8220;A microbiota da boca muda com o nascimento desse dente e \u00e9 preciso fazer a limpeza para evitar o surgimento de les\u00f5es, as famosas c\u00e1ries&#8221;, afirma.<\/p>\n<p><strong>A import\u00e2ncia dos dentes de leite&#8230;<\/strong><\/p>\n<ol>\n<li><strong>Em m\u00e9dia, os primeiros dentes do beb\u00ea come\u00e7am a sair por volta dos seis meses de idade. \u00c9 o in\u00edcio da denti\u00e7\u00e3o &#8220;de leite&#8221;, que a crian\u00e7a vai come\u00e7ar a perder por volta dos seis anos para dar lugar aos dentes permanentes. Por ser &#8220;provis\u00f3ria&#8221;, \u00e9 comum se falar que essa denti\u00e7\u00e3o n\u00e3o precisa de tantos cuidados e que c\u00e1ries n\u00e3o s\u00e3o um problema nessa fase. Mas isso n\u00e3o \u00e9 verdade. Para come\u00e7ar, os primeiros dentes do beb\u00ea t\u00eam uma estrutura semelhante a do dente permanente. Isso significa que, em caso de c\u00e1rie profunda, o beb\u00ea vai sentir dor e pode precisar de um tratamento de canal. A primeira denti\u00e7\u00e3o tamb\u00e9m \u00e9 fundamental para o sucesso da introdu\u00e7\u00e3o alimentar e para desenvolver a musculatura orofacial (por meio da mastiga\u00e7\u00e3o) \u2014o que vai influenciar diretamente no desenvolvimento da fala tamb\u00e9m.<\/strong><\/li>\n<\/ol>\n<p>Os dentes de leite ainda s\u00e3o importantes para &#8220;guiar&#8221; os dentes permanentes. Por isso, quando ele cai na hora errada \u2014por um trauma como uma queda, por exemplo, ou at\u00e9 por extra\u00e7\u00e3o ap\u00f3s uma c\u00e1rie mal cuidada\u2014 \u00e9 importante acompanhar a crian\u00e7a para ver se haver\u00e1 problemas no futuro.<\/p>\n<p>&#8220;Em alguns casos, usamos at\u00e9 um dente mantenedor, uma esp\u00e9cie de pr\u00f3tese, que ajuda a manter o espa\u00e7o correto na arcada para que o dente permanente des\u00e7a no local correto&#8221;, afirma Amanda Oliveira, odontopediatra e consultora de amamenta\u00e7\u00e3o, do Rio de Janeiro.<\/p>\n<p style=\"text-align: left;\"><strong>Cuidados b\u00e1sicos <\/strong><\/p>\n<p>\u00c9 na primeira consulta que os pais ou respons\u00e1veis aprendem a escovar os dentes do beb\u00ea de forma correta. A atividade deve ser feita com uma escova de cerdas macias ou extra macias e cabe\u00e7a compat\u00edvel com o tamanho da boca da crian\u00e7a. O uso de creme dental com fl\u00faor tamb\u00e9m est\u00e1 liberado. O ideal \u00e9 procurar por produtos com a concentra\u00e7\u00e3o convencional de fl\u00faor (1 mil partes por milh\u00e3o de fl\u00faor), j\u00e1 que s\u00e3o as \u00fanicas que atuam prevenindo as c\u00e1ries..<\/p>\n<p>&#8220;\u00c9 preciso garantir que se use uma quantidade pequena, j\u00e1 que os beb\u00eas n\u00e3o sabem cuspir e v\u00e3o engolir a \u00e1gua&#8221;, explica Clarissa Lucena Gomes de Souza, odontopediatra do Hospital Universit\u00e1rio Lauro Wanderley da UFPB (Universidade Federal da Para\u00edba), da Rede Ebserh.<\/p>\n<p>O recomendado \u00e9 usar o equivalente a um gr\u00e3o de arroz na escova para beb\u00eas, quantidade segura e que n\u00e3o provoca intoxica\u00e7\u00e3o. Quando a crian\u00e7a crescer e aprender a cuspir, pode-se aumentar a quantidade para o equivalente a um gr\u00e3o de ervilha. Outro acess\u00f3rio fundamental \u00e9 o fio dental, que deve ser usado a partir do momento que houver mais dentes e eles estiverem encostados uns nos outros. Se tudo estiver normal, as visitas ao consult\u00f3rio podem ser feitas a cada seis meses. Isso, no entanto, pode variar, de acordo com a avalia\u00e7\u00e3o do profissional.<\/p>\n<p><strong>C\u00e1ries e alimenta\u00e7\u00e3o.<\/strong><\/p>\n<p>Uma das orienta\u00e7\u00f5es mais importantes que os pais recebem nas primeiras consultas com o dentista \u00e9 a influ\u00eancia da alimenta\u00e7\u00e3o na forma\u00e7\u00e3o das c\u00e1ries. &#8220;A sacarose \u00e9 a principal causa de c\u00e1ries em crian\u00e7as&#8221;, explica Amanda Oliveira. Ela lembra que alimentos ultraprocessados \u2014como alguns tipos de iogurte infantil, alguns p\u00e3es e compostos l\u00e1cteos\u2014 podem ter o a\u00e7\u00facar &#8220;escondido&#8221;, em sua formula\u00e7\u00e3o, aumentando o risco desse tipo de les\u00e3o. Por isso, o recomendado \u00e9 que o consumo de a\u00e7\u00facar seja evitado ao m\u00e1ximo (mesmo ap\u00f3s os dois anos), para que a crian\u00e7a n\u00e3o crie o h\u00e1bito de consumir alimentos com o ingrediente.<\/p>\n<p><strong>Tenha uma boca saud\u00e1vel.<\/strong><\/p>\n<p>Essa reportagem faz parte da campanha de VivaBem Tenha Uma Boca Saud\u00e1vel, que tem como objetivo explicar como e por que \u00e9 importante manter uma boa higiene oral. Tamb\u00e9m abordaremos erros comuns na escova\u00e7\u00e3o, c\u00e2ncer oral, como a sa\u00fade mental afeta os dentes, os limites dos procedimentos est\u00e9ticos e corretivos, sa\u00fade bucal das crian\u00e7as e de gestantes, entre outros assuntos. Essa \u00e9 a segunda campanha de uma s\u00e9rie de VivaBem que, ao longo do ano, trar\u00e1 conte\u00fados tem\u00e1ticos para auxiliar no combate a problemas que muitas pessoas enfrentam no dia a dia e contribuir para que voc\u00ea tenha mais sa\u00fade e bem-estar.<\/p>\n","protected":false},"excerpt":{"rendered":"<p>Engana-se quem acredita que, como as crian\u00e7as perdem dentes na primeira inf\u00e2ncia (a chamada denti\u00e7\u00e3o &#8220;de leite&#8221;), elas n\u00e3o precisam de cuidados espec\u00edficos ou de acompanhamento especializado. Embora, de fato, a primeira denti\u00e7\u00e3o da crian\u00e7a seja provis\u00f3ria, ela tem fun\u00e7\u00f5es importantes como guiar o nascimento do dente permanente e garantir o bom desenvolvimento da mastiga\u00e7\u00e3o [&hellip;]<\/p>\n","protected":false},"author":4,"featured_media":4082,"comment_status":"open","ping_status":"open","sticky":false,"template":"","format":"standard","meta":{"footnotes":""},"categories":[4],"tags":[],"class_list":["post-4081","post","type-post","status-publish","format-standard","has-post-thumbnail","hentry","category-noticias"],"post_mailing_queue_ids":[],"_links":{"self":[{"href":"https:\/\/www.sodf.org.br\/wordpress\/wp-json\/wp\/v2\/posts\/4081","targetHints":{"allow":["GET"]}}],"collection":[{"href":"https:\/\/www.sodf.org.br\/wordpress\/wp-json\/wp\/v2\/posts"}],"about":[{"href":"https:\/\/www.sodf.org.br\/wordpress\/wp-json\/wp\/v2\/types\/post"}],"author":[{"embeddable":true,"href":"https:\/\/www.sodf.org.br\/wordpress\/wp-json\/wp\/v2\/users\/4"}],"replies":[{"embeddable":true,"href":"https:\/\/www.sodf.org.br\/wordpress\/wp-json\/wp\/v2\/comments?post=4081"}],"version-history":[{"count":1,"href":"https:\/\/www.sodf.org.br\/wordpress\/wp-json\/wp\/v2\/posts\/4081\/revisions"}],"predecessor-version":[{"id":4083,"href":"https:\/\/www.sodf.org.br\/wordpress\/wp-json\/wp\/v2\/posts\/4081\/revisions\/4083"}],"wp:featuredmedia":[{"embeddable":true,"href":"https:\/\/www.sodf.org.br\/wordpress\/wp-json\/wp\/v2\/media\/4082"}],"wp:attachment":[{"href":"https:\/\/www.sodf.org.br\/wordpress\/wp-json\/wp\/v2\/media?parent=4081"}],"wp:term":[{"taxonomy":"category","embeddable":true,"href":"https:\/\/www.sodf.org.br\/wordpress\/wp-json\/wp\/v2\/categories?post=4081"},{"taxonomy":"post_tag","embeddable":true,"href":"https:\/\/www.sodf.org.br\/wordpress\/wp-json\/wp\/v2\/tags?post=4081"}],"curies":[{"name":"wp","href":"https:\/\/api.w.org\/{rel}","templated":true}]}}