{"id":4075,"date":"2021-06-07T18:59:37","date_gmt":"2021-06-07T21:59:37","guid":{"rendered":"http:\/\/www.sodf.org.br\/wordpress\/?p=4075"},"modified":"2021-06-07T23:51:05","modified_gmt":"2021-06-08T02:51:05","slug":"projetos-de-interesse-da-odontologia-ganham-forca-no-congresso-nacional-mobilizacao-da-categoria-e-indispensavel","status":"publish","type":"post","link":"https:\/\/www.sodf.org.br\/wordpress\/projetos-de-interesse-da-odontologia-ganham-forca-no-congresso-nacional-mobilizacao-da-categoria-e-indispensavel\/","title":{"rendered":"Projetos de interesse da Odontologia ganham for\u00e7a no Congresso Nacional; mobiliza\u00e7\u00e3o da categoria \u00e9 indispens\u00e1vel"},"content":{"rendered":"<p>A relev\u00e2ncia mundial do Cirurgi\u00e3o-Dentista em tempos de pandemia fortaleceu o trabalho parlamentar desenvolvido pelo Conselho Federal de Odontologia (CFO) no Congresso Nacional. Com a visibilidade, parte importante dos Projetos de Lei em tramita\u00e7\u00e3o recebeu expressivo apoio espont\u00e2neo e subs\u00eddio t\u00e9cnico, essenciais para refor\u00e7ar a conscientiza\u00e7\u00e3o de parlamentares sobre o impacto da Odontologia no cuidado com a vida da popula\u00e7\u00e3o.<\/p>\n<p>Para o Presidente do CFO, Juliano do Vale, essa conscientiza\u00e7\u00e3o tamb\u00e9m \u00e9 indispens\u00e1vel por parte da categoria. \u201cTodos n\u00f3s, profissionais da Odontologia, somos correspons\u00e1veis na busca cont\u00ednua da valoriza\u00e7\u00e3o profissional e da qualidade da Odontologia exercida no pa\u00eds. O ganho \u00e9 coletivo quando todos caminham em \u00fanica dire\u00e7\u00e3o, por isso, a import\u00e2ncia em fortalecer essa defesa junto a Deputados Federais e Senadores do estado, em meio virtual. Todos podem contribuir com envio de e-mail aos parlamentares, por exemplo\u201d, afirmou.<\/p>\n<p>A articula\u00e7\u00e3o da categoria tamb\u00e9m pode ser realizada junto \u00e0\u00a0<strong><a role=\"link\" href=\"https:\/\/www.camara.leg.br\/internet\/deputado\/frenteDetalhe.asp?id=54098\" rel=\"noreferrer noopener\" aria-label=\"Frente Parlamentar da Odontologia no Congresso Nacional (abre numa nova aba)\">Frente Parlamentar da Odontologia no Congresso Nacional<\/a><\/strong>. Lan\u00e7ada em 2017, essa \u00e9 uma entidade civil de interesse p\u00fablico, de natureza pol\u00edtica, suprapartid\u00e1ria, sem fins lucrativos, de \u00e2mbito nacional e de dura\u00e7\u00e3o indeterminada, com sede e foro em Bras\u00edlia. O objetivo da\u00a0<strong><a role=\"link\" href=\"https:\/\/www.camara.leg.br\/internet\/deputado\/frenteDetalhe.asp?id=54098\" rel=\"noreferrer noopener\" aria-label=\"Frente Parlamentar (abre numa nova aba)\">Frente Parlamentar<\/a><\/strong>\u00a0\u00e9 promover, incentivar, apoiar movimentos sociais a n\u00edvel nacional, al\u00e9m de parcerias junto aos \u00f3rg\u00e3os p\u00fablicos como o Minist\u00e9rio da Sa\u00fade e suas autarquias, bem como, outros minist\u00e9rios.<\/p>\n<p>O Coordenador da Comiss\u00e3o Parlamentar do CFO, Eduardo Ferro, tamb\u00e9m \u00e9 incisivo ao afirmar que independente do cen\u00e1rio pand\u00eamico, a articula\u00e7\u00e3o do CFO, por meio da Comiss\u00e3o e Assessoria Parlamentar acontece rotineiramente, seja presencial ou online, a fim de assegurar m\u00e1xima celeridade no rito regimental do Congresso.<\/p>\n<p><strong><a role=\"link\" href=\"https:\/\/www.camara.leg.br\/internet\/deputado\/frenteDetalhe.asp?id=54098\" rel=\"noreferrer noopener\" aria-label=\"CLIQUE AQUI (abre numa nova aba)\">CLIQUE AQUI<\/a>\u00a0e confira os parlamentares que integram a Frente Parlamentar da Odontologia.<\/strong><\/p>\n","protected":false},"excerpt":{"rendered":"<p>A relev\u00e2ncia mundial do Cirurgi\u00e3o-Dentista em tempos de pandemia fortaleceu o trabalho parlamentar desenvolvido pelo Conselho Federal de Odontologia (CFO) no Congresso Nacional. Com a visibilidade, parte importante dos Projetos de Lei em tramita\u00e7\u00e3o recebeu expressivo apoio espont\u00e2neo e subs\u00eddio t\u00e9cnico, essenciais para refor\u00e7ar a conscientiza\u00e7\u00e3o de parlamentares sobre o impacto da Odontologia no cuidado [&hellip;]<\/p>\n","protected":false},"author":4,"featured_media":4076,"comment_status":"open","ping_status":"open","sticky":false,"template":"","format":"standard","meta":{"footnotes":""},"categories":[4],"tags":[],"class_list":["post-4075","post","type-post","status-publish","format-standard","has-post-thumbnail","hentry","category-noticias"],"post_mailing_queue_ids":[],"_links":{"self":[{"href":"https:\/\/www.sodf.org.br\/wordpress\/wp-json\/wp\/v2\/posts\/4075","targetHints":{"allow":["GET"]}}],"collection":[{"href":"https:\/\/www.sodf.org.br\/wordpress\/wp-json\/wp\/v2\/posts"}],"about":[{"href":"https:\/\/www.sodf.org.br\/wordpress\/wp-json\/wp\/v2\/types\/post"}],"author":[{"embeddable":true,"href":"https:\/\/www.sodf.org.br\/wordpress\/wp-json\/wp\/v2\/users\/4"}],"replies":[{"embeddable":true,"href":"https:\/\/www.sodf.org.br\/wordpress\/wp-json\/wp\/v2\/comments?post=4075"}],"version-history":[{"count":1,"href":"https:\/\/www.sodf.org.br\/wordpress\/wp-json\/wp\/v2\/posts\/4075\/revisions"}],"predecessor-version":[{"id":4077,"href":"https:\/\/www.sodf.org.br\/wordpress\/wp-json\/wp\/v2\/posts\/4075\/revisions\/4077"}],"wp:featuredmedia":[{"embeddable":true,"href":"https:\/\/www.sodf.org.br\/wordpress\/wp-json\/wp\/v2\/media\/4076"}],"wp:attachment":[{"href":"https:\/\/www.sodf.org.br\/wordpress\/wp-json\/wp\/v2\/media?parent=4075"}],"wp:term":[{"taxonomy":"category","embeddable":true,"href":"https:\/\/www.sodf.org.br\/wordpress\/wp-json\/wp\/v2\/categories?post=4075"},{"taxonomy":"post_tag","embeddable":true,"href":"https:\/\/www.sodf.org.br\/wordpress\/wp-json\/wp\/v2\/tags?post=4075"}],"curies":[{"name":"wp","href":"https:\/\/api.w.org\/{rel}","templated":true}]}}