{"id":4071,"date":"2021-06-07T18:57:38","date_gmt":"2021-06-07T21:57:38","guid":{"rendered":"http:\/\/www.sodf.org.br\/wordpress\/?p=4071"},"modified":"2021-06-07T23:57:37","modified_gmt":"2021-06-08T02:57:37","slug":"a-cada-semana-gdf-pretende-reduzir-faixa-etaria-para-vacinacao","status":"publish","type":"post","link":"https:\/\/www.sodf.org.br\/wordpress\/a-cada-semana-gdf-pretende-reduzir-faixa-etaria-para-vacinacao\/","title":{"rendered":"A cada semana, GDF pretende reduzir faixa et\u00e1ria para vacina\u00e7\u00e3o"},"content":{"rendered":"<p>O secret\u00e1rio de Sa\u00fade do DF,\u00a0<a href=\"https:\/\/www.metropoles.com\/tag\/osnei-okumoto\" target=\"_blank\" rel=\"noopener\">Osnei Okumoto<\/a>, afirmou nesta segunda-feira (7\/6) que as pessoas que agendaram a vacina\u00e7\u00e3o e n\u00e3o compareceram no dia da imuniza\u00e7\u00e3o ter\u00e3o at\u00e9 cinco dias para reagendar a data, sob pena de perder as doses para outros grupos priorit\u00e1rios. A cada semana, GDF pretende reduzir faixa et\u00e1ria para vacina\u00e7\u00e3o. A declara\u00e7\u00e3o ocorreu durante coletiva de imprensa e refor\u00e7a o\u00a0<a href=\"https:\/\/www.metropoles.com\/colunas\/janela-indiscreta\/covid-19-gdf-alerta-sobre-baixa-procura-de-publicos-alvo-por-vacina\" target=\"_blank\" rel=\"noopener\">alerta do governo local sobre a baixa procura pelos imunizantes por grupos contemplados<\/a>. \u201cN\u00f3s entendemos que podemos ampliar essas faixas et\u00e1rias, mas ampliar com responsabilidade. N\u00f3s temos algumas pessoas que s\u00e3o remanescentes, que n\u00e3o foram vacinadas em decorr\u00eancia de estarem com problemas de sa\u00fade, e que podem ainda, se faltarem no dia da vacina\u00e7\u00e3o, utilizar cinco dias para fazer o seu reagendamento. Ent\u00e3o, a cada cinco dias, a gente estar\u00e1 fazendo a renova\u00e7\u00e3o de grupos et\u00e1rios, mediante aquela vacina que foi sobrada\u201d, disse Osnei.<\/p>\n<p>O secret\u00e1rio chefe da Casa Civil, Gustavo Rocha, afirmou nesta segunda-feira (7\/6), que\u00a0<a href=\"https:\/\/www.metropoles.com\/colunas\/janela-indiscreta\/covid-19-gdf-alerta-sobre-baixa-procura-de-publicos-alvo-por-vacina\" target=\"_blank\" rel=\"noopener\">40% dos rodovi\u00e1rios do sistema p\u00fablico de transporte<\/a>\u00a0contemplados pela atual fase do plano de vacina\u00e7\u00e3o n\u00e3o procuraram postos para receber a primeira dose do imunizante no Distrito Federal.De acordo com o gestor, o n\u00famero de doses disponibilizadas para a categoria foi de 4 mil doses, o que representaria 1,6 mil pessoas que, embora estivessem com a dose garantida, n\u00e3o apareceram para receber a vacina.<\/p>\n<blockquote><p>\u201cO sindicato encaminhou a lista para a Secretaria de Sa\u00fade e 40% rodovi\u00e1rios que estavam na lista n\u00e3o foram vacinar. Ent\u00e3o, lembrando, quem fez a lista foi o pr\u00f3prio sindicato dos empregados. Ent\u00e3o, \u00e9 importante que quando a gente abre a vacina\u00e7\u00e3o para determinado grupo, e a gente insiste muito aqui, a pessoa precisa procurar se vacinar\u201d.<\/p><\/blockquote>\n<p>Gustavo Rocha lembrou que, no in\u00edcio da vacina\u00e7\u00e3o dos profissionais da Educa\u00e7\u00e3o, 22% da categoria selecionada pela lista da Secretaria de Educa\u00e7\u00e3o tamb\u00e9m n\u00e3o foram imunizadas. Na categoria de pessoas com defici\u00eancia, segundo ele, das 22 mil doses disponibilizadas, apenas 7.667 foram aplicadas, menos da metade do direcionado.<\/p>\n<p>Segundo ele, no final de semana, foram vacinada 24.663 pessoas, sendo 20 mil com a primeira doses e outras 4,6 mil com a segunda etapa do ciclo de imuniza\u00e7\u00e3o. Rocha tamb\u00e9m pontuou que desde que reabriu a autoriza\u00e7\u00e3o para realizar cirurgias eletivas, 2.955 procedimentos de urg\u00eancia j\u00e1 foram conclu\u00eddos numa lista de 4 mil pessoas com prioridade de interven\u00e7\u00f5es cir\u00fargicas.<\/p>\n<h5>Pfizer<\/h5>\n<p>O Distrito Federal espera receber, nesta segunda-feira (7\/6), 30.420 doses da vacina contra a\u00a0<a href=\"https:\/\/www.metropoles.com\/tag\/covid-19\" target=\"_blank\" rel=\"noopener\">Covid-19<\/a>\u00a0da Pfizer\/BioNTech. A informa\u00e7\u00e3o consta no\u00a0<a href=\"https:\/\/www.gov.br\/saude\/pt-br\/media\/pdf\/2021\/junho\/07\/anexo_vigesimo_primeiro_informe.pdf\" target=\"_blank\" rel=\"noopener\">21\u00ba informe t\u00e9cnico<\/a>\u00a0do Minist\u00e9rio da Sa\u00fade, divulgado nesta tarde.<\/p>\n<p>Todas elas s\u00e3o para a primeira dose. Do total, 18.069 v\u00e3o ser aplicadas em pessoas com comorbidades, gestantes e deficientes. O grupo priorit\u00e1rio da educa\u00e7\u00e3o vai ficar com 8.300 doses. J\u00e1 para as for\u00e7as de seguran\u00e7a ser\u00e3o destinadas 1.457 doses. A menor quantidade vir\u00e1 para os aeroportu\u00e1rios: 320.<\/p>\n<p class=\"m-img-wrap\"><span class=\"m-credit\">Reprodu\u00e7\u00e3o\/Minist\u00e9rio da Sa\u00fade<\/span><img fetchpriority=\"high\" decoding=\"async\" class=\"aligncenter wp-image-1721362 size-full\" src=\"https:\/\/uploads.metropoles.com\/wp-content\/uploads\/2021\/06\/07141628\/vacinacao-Pfizer-Covid-DF-vacina.jpg\" sizes=\"(max-width: 700px) 100vw, 700px\" srcset=\"https:\/\/uploads.metropoles.com\/wp-content\/uploads\/2021\/06\/07141628\/vacinacao-Pfizer-Covid-DF-vacina.jpg 700w, https:\/\/uploads.metropoles.com\/wp-content\/uploads\/2021\/06\/07141628\/vacinacao-Pfizer-Covid-DF-vacina-295x300.jpg 295w, https:\/\/uploads.metropoles.com\/wp-content\/uploads\/2021\/06\/07141628\/vacinacao-Pfizer-Covid-DF-vacina-148x150.jpg 148w, https:\/\/uploads.metropoles.com\/wp-content\/uploads\/2021\/06\/07141628\/vacinacao-Pfizer-Covid-DF-vacina-70x70.jpg 70w\" alt=\"Vacina da Pfizer para o DF\" width=\"700\" height=\"711\" data-description=\"Reprodu\u00e7\u00e3o\/Minist\u00e9rio da Sa\u00fade\" data-pin=\"pinIt\" \/><\/p>\n<p>Conforme o minist\u00e9rio, mais 2,3 milh\u00f5es de doses da Pfizer ser\u00e3o enviadas para todo o Brasil nesta remessa. S\u00e3o Paulo, Rio de Janeiro, Santa Catarina, Paran\u00e1, Mato Grosso do Sul, Amazonas e o Distrito Federal recebem os novos lotes ao longo desta segunda. A distribui\u00e7\u00e3o para as outras unidades da Federa\u00e7\u00e3o est\u00e1 prevista para ser conclu\u00edda at\u00e9 quarta (9\/6).<\/p>\n<p>Mais 3,3 milh\u00f5es de doses da vacina Covid-19 da AstraZeneca\/Fiocruz foram entregues ao Minist\u00e9rio da Sa\u00fade na sexta-feira (4). O imunizante \u00e9 produzido no Brasil pela Funda\u00e7\u00e3o Oswaldo Cruz (Fiocruz).<\/p>\n<div>\n<div id=\"denakop-ad-768404164184895\" data-google-query-id=\"CMrzrrjBhvECFTcmuQYdaEgCIQ\">\n<div id=\"google_ads_iframe_\/21715141650\/desktop_intext_0__container__\">As doses devem ser distribu\u00eddas para os estados e Distrito Federal nos pr\u00f3ximos dias, conforme determina\u00e7\u00e3o do Programa Nacional de Imuniza\u00e7\u00f5es (PNI) do Minist\u00e9rio da Sa\u00fade. A quantidade dessas vacina que vir\u00e1 ao DF ainda n\u00e3o foi divulgada.<\/div>\n<\/div>\n<\/div>\n","protected":false},"excerpt":{"rendered":"<p>O secret\u00e1rio de Sa\u00fade do DF,\u00a0Osnei Okumoto, afirmou nesta segunda-feira (7\/6) que as pessoas que agendaram a vacina\u00e7\u00e3o e n\u00e3o compareceram no dia da imuniza\u00e7\u00e3o ter\u00e3o at\u00e9 cinco dias para reagendar a data, sob pena de perder as doses para outros grupos priorit\u00e1rios. A cada semana, GDF pretende reduzir faixa et\u00e1ria para vacina\u00e7\u00e3o. A declara\u00e7\u00e3o [&hellip;]<\/p>\n","protected":false},"author":4,"featured_media":4079,"comment_status":"open","ping_status":"open","sticky":false,"template":"","format":"standard","meta":{"footnotes":""},"categories":[4],"tags":[],"class_list":["post-4071","post","type-post","status-publish","format-standard","has-post-thumbnail","hentry","category-noticias"],"post_mailing_queue_ids":[],"_links":{"self":[{"href":"https:\/\/www.sodf.org.br\/wordpress\/wp-json\/wp\/v2\/posts\/4071","targetHints":{"allow":["GET"]}}],"collection":[{"href":"https:\/\/www.sodf.org.br\/wordpress\/wp-json\/wp\/v2\/posts"}],"about":[{"href":"https:\/\/www.sodf.org.br\/wordpress\/wp-json\/wp\/v2\/types\/post"}],"author":[{"embeddable":true,"href":"https:\/\/www.sodf.org.br\/wordpress\/wp-json\/wp\/v2\/users\/4"}],"replies":[{"embeddable":true,"href":"https:\/\/www.sodf.org.br\/wordpress\/wp-json\/wp\/v2\/comments?post=4071"}],"version-history":[{"count":1,"href":"https:\/\/www.sodf.org.br\/wordpress\/wp-json\/wp\/v2\/posts\/4071\/revisions"}],"predecessor-version":[{"id":4074,"href":"https:\/\/www.sodf.org.br\/wordpress\/wp-json\/wp\/v2\/posts\/4071\/revisions\/4074"}],"wp:featuredmedia":[{"embeddable":true,"href":"https:\/\/www.sodf.org.br\/wordpress\/wp-json\/wp\/v2\/media\/4079"}],"wp:attachment":[{"href":"https:\/\/www.sodf.org.br\/wordpress\/wp-json\/wp\/v2\/media?parent=4071"}],"wp:term":[{"taxonomy":"category","embeddable":true,"href":"https:\/\/www.sodf.org.br\/wordpress\/wp-json\/wp\/v2\/categories?post=4071"},{"taxonomy":"post_tag","embeddable":true,"href":"https:\/\/www.sodf.org.br\/wordpress\/wp-json\/wp\/v2\/tags?post=4071"}],"curies":[{"name":"wp","href":"https:\/\/api.w.org\/{rel}","templated":true}]}}