{"id":4065,"date":"2021-06-07T18:52:24","date_gmt":"2021-06-07T21:52:24","guid":{"rendered":"http:\/\/www.sodf.org.br\/wordpress\/?p=4065"},"modified":"2021-06-07T18:52:24","modified_gmt":"2021-06-07T21:52:24","slug":"covid-19-paciente-do-df-tem-3-teste-negativo-para-variante-da-india","status":"publish","type":"post","link":"https:\/\/www.sodf.org.br\/wordpress\/covid-19-paciente-do-df-tem-3-teste-negativo-para-variante-da-india\/","title":{"rendered":"Covid-19: paciente do DF tem 3\u00b0 teste negativo para variante da \u00cdndia"},"content":{"rendered":"<p>O\u00a0<a href=\"https:\/\/www.metropoles.com\/colunas\/janela-indiscreta\/cirurgias-eletivas-sem-exigencia-de-uti-serao-retomadas-diz-okumoto\" target=\"_blank\" rel=\"noopener\">secret\u00e1rio de Sa\u00fade, Osnei Okumoto<\/a>, informou nesta segunda-feira (7\/6) que o homem que estava sendo monitorado por ter viajado no mesmo voo de um paciente diagnosticado com a variante da Covid-19 identificada na \u00cdndia\u00a0<a href=\"https:\/\/www.metropoles.com\/colunas\/janela-indiscreta\/df-passageiro-que-estava-em-voo-da-india-testa-negativo-para-covid-19\" target=\"_blank\" rel=\"noopener\">foi dispensado ap\u00f3s o terceiro teste dar negativo para a doen\u00e7a<\/a>. A declara\u00e7\u00e3o ocorreu durante coletiva de imprensa realizada no Pal\u00e1cio do Buriti.<\/p>\n<p>\u201cS\u00f3 para avisar, o terceiro exame deu negativo e agora ele est\u00e1 liberado\u201d, afirmou.<\/p>\n<p>No dia 24 de maio, a pasta j\u00e1 havia comunicado que o resultado do exame RT-PCR realizado no homem que estava em voo vindo da \u00cdndia para o Brasil havia testado negativo para a doen\u00e7a. Antes de desembarcar no DF, o passageiro teve contato com um paciente que testou positivo para a doen\u00e7a do novo coronav\u00edrus. O GDF foi informado sobre a suspeita da presen\u00e7a da cepa registrada na \u00cdndia por meio do Minist\u00e9rio da Sa\u00fade e a pasta distrital encaminhou profissionais para monitorar o caso.<\/p>\n","protected":false},"excerpt":{"rendered":"<p>O\u00a0secret\u00e1rio de Sa\u00fade, Osnei Okumoto, informou nesta segunda-feira (7\/6) que o homem que estava sendo monitorado por ter viajado no mesmo voo de um paciente diagnosticado com a variante da Covid-19 identificada na \u00cdndia\u00a0foi dispensado ap\u00f3s o terceiro teste dar negativo para a doen\u00e7a. A declara\u00e7\u00e3o ocorreu durante coletiva de imprensa realizada no Pal\u00e1cio do [&hellip;]<\/p>\n","protected":false},"author":4,"featured_media":4066,"comment_status":"open","ping_status":"open","sticky":false,"template":"","format":"standard","meta":{"footnotes":""},"categories":[4],"tags":[],"class_list":["post-4065","post","type-post","status-publish","format-standard","has-post-thumbnail","hentry","category-noticias"],"post_mailing_queue_ids":[],"_links":{"self":[{"href":"https:\/\/www.sodf.org.br\/wordpress\/wp-json\/wp\/v2\/posts\/4065","targetHints":{"allow":["GET"]}}],"collection":[{"href":"https:\/\/www.sodf.org.br\/wordpress\/wp-json\/wp\/v2\/posts"}],"about":[{"href":"https:\/\/www.sodf.org.br\/wordpress\/wp-json\/wp\/v2\/types\/post"}],"author":[{"embeddable":true,"href":"https:\/\/www.sodf.org.br\/wordpress\/wp-json\/wp\/v2\/users\/4"}],"replies":[{"embeddable":true,"href":"https:\/\/www.sodf.org.br\/wordpress\/wp-json\/wp\/v2\/comments?post=4065"}],"version-history":[{"count":1,"href":"https:\/\/www.sodf.org.br\/wordpress\/wp-json\/wp\/v2\/posts\/4065\/revisions"}],"predecessor-version":[{"id":4067,"href":"https:\/\/www.sodf.org.br\/wordpress\/wp-json\/wp\/v2\/posts\/4065\/revisions\/4067"}],"wp:featuredmedia":[{"embeddable":true,"href":"https:\/\/www.sodf.org.br\/wordpress\/wp-json\/wp\/v2\/media\/4066"}],"wp:attachment":[{"href":"https:\/\/www.sodf.org.br\/wordpress\/wp-json\/wp\/v2\/media?parent=4065"}],"wp:term":[{"taxonomy":"category","embeddable":true,"href":"https:\/\/www.sodf.org.br\/wordpress\/wp-json\/wp\/v2\/categories?post=4065"},{"taxonomy":"post_tag","embeddable":true,"href":"https:\/\/www.sodf.org.br\/wordpress\/wp-json\/wp\/v2\/tags?post=4065"}],"curies":[{"name":"wp","href":"https:\/\/api.w.org\/{rel}","templated":true}]}}