{"id":4059,"date":"2021-06-06T12:48:01","date_gmt":"2021-06-06T15:48:01","guid":{"rendered":"http:\/\/www.sodf.org.br\/wordpress\/?p=4059"},"modified":"2021-06-06T12:48:01","modified_gmt":"2021-06-06T15:48:01","slug":"escolha-de-vacinas-pela-populacao-compromete-avanco-da-campanha-no-df","status":"publish","type":"post","link":"https:\/\/www.sodf.org.br\/wordpress\/escolha-de-vacinas-pela-populacao-compromete-avanco-da-campanha-no-df\/","title":{"rendered":"Escolha de vacinas pela popula\u00e7\u00e3o compromete avan\u00e7o da campanha no DF"},"content":{"rendered":"<p>Com mais de quatro meses de vacina\u00e7\u00e3o contra a covid-19 e tr\u00eas imunizantes diferentes dispon\u00edveis para o p\u00fablico, a campanha do Distrito Federal enfrenta outro desafio al\u00e9m da pandemia. Uma onda consider\u00e1vel de pessoas, segundo servidores da Secretaria de Sa\u00fade (SES-DF), tem adiado o pr\u00f3prio atendimento porque quer escolher a marca da vacina que tomar\u00e1. Para especialistas, esse comportamento pode atrasar o processo de prote\u00e7\u00e3o da popula\u00e7\u00e3o contra o novo coronav\u00edrus e, consequentemente, o fim da crise sanit\u00e1ria.<\/p>\n<p class=\"texto\">Para evitar esse tipo de comportamento e conscientizar a popula\u00e7\u00e3o, a pasta tem publicado notas t\u00e9cnicas que comprovam a seguran\u00e7a das vacinas e que refor\u00e7am a import\u00e2ncia de a imuniza\u00e7\u00e3o ocorrer o mais r\u00e1pido poss\u00edvel. Al\u00e9m dessa, houve medidas mais dr\u00e1sticas. A \u00faltima prev\u00ea que quem agendar o atendimento, mas, por algum motivo, n\u00e3o comparecer na data marcada ter\u00e1 at\u00e9 cinco dias corridos para voltar ao posto e receber a dose. Caso contr\u00e1rio, perder\u00e1 a vaga.<\/p>\n<p class=\"texto\">Para evitar queda na procura, o Executivo local tamb\u00e9m lan\u00e7ou a campanha \u201cN\u00e3o importa a marca, o importante \u00e9 vacinar\u201d. O objetivo \u00e9 avan\u00e7ar na amplia\u00e7\u00e3o da campanha. Por\u00e9m, apesar da expectativa, a SES-DF n\u00e3o definiu um calend\u00e1rio de vacina\u00e7\u00e3o para a popula\u00e7\u00e3o em geral. A justificativa \u00e9 a depend\u00eancia do repasse de doses por parte do Minist\u00e9rio da Sa\u00fade \u2014 nesse processo, n\u00e3o h\u00e1 informa\u00e7\u00e3o antecipada ou com detalhes sobre o envio.<\/p>\n<p class=\"texto\">A infectologista Sylvia Lemos, da Sociedade Brasileira de Infectologia (SBI), afirma que a rejei\u00e7\u00e3o das pessoas contra algumas vacinas \u00e9 fruto da desinforma\u00e7\u00e3o e que isso pode atrapalhar a imuniza\u00e7\u00e3o. \u201cN\u00e3o \u00e9 para escolher. No momento em que estamos, quanto mais pessoas se vacinarem, melhor. Isso \u00e9 importante para que possamos ter mais de 70% ou 80% da popula\u00e7\u00e3o atendida. Assim, uma pessoa protege a outra\u201d, defende. At\u00e9 ontem, a Secretaria de Sa\u00fade havia aplicado 683,2 mil unidades de imunizantes como primeira dose \u2014 alcan\u00e7ando 22,3% do total de habitantes do DF \u2014, e 328,6 mil como refor\u00e7o (10,7%).<\/p>\n<h3><strong>Dia a dia<\/strong><\/h3>\n<p class=\"texto\">Coordenadora do posto de vacina\u00e7\u00e3o do Estacionamento 13 do Parque da Cidade, a enfermeira Camila Gaspar relata que viu, por enquanto, cerca de 50 pessoas desistirem da vacina\u00e7\u00e3o por n\u00e3o encontrarem doses do laborat\u00f3rio desejado. \u201cEst\u00e1 bem dif\u00edcil. H\u00e1 muitas fake news sobre o tema e, com isso, muita gente quer escolher o tipo da vacina. H\u00e1 pessoas que fazem o agendamento para o Parque da Cidade, por exemplo, mas, quando chegam aqui, descobrem que n\u00e3o temos a de uma determinada marca. Por isso, v\u00e3o embora sem receber o imunizante\u201d, conta.<\/p>\n<p class=\"texto\">O relato de Camila se repete em outras unidades b\u00e1sicas de sa\u00fade (UBSs) da capital federal. Em uma delas, um vigilante, que preferiu n\u00e3o se identificar, disse que, em um dia, 20 pessoas preferiram voltar para casa sem vacina. Outros profissionais da linha de frente do posto de atendimento questionam a conduta: \u201cNem a gente, que trabalha com a imuniza\u00e7\u00e3o do p\u00fablico, escolhe qual vacina quer. Quando temos dose, damos gra\u00e7as a Deus e j\u00e1 mostramos o bra\u00e7o, porque s\u00f3 o que quer\u00edamos era estarmos seguros contra a doen\u00e7a\u201d, comenta uma enfermeira que pediu para n\u00e3o ter o nome divulgado.<\/p>\n<p class=\"texto\">Comerciante e morador da Asa Norte, Valdemar J\u00fanior, 47 anos, recebeu a primeira dose na sexta-feira retrasada, na UBS 1 do Cruzeiro. Ele \u00e9 do grupo de pessoas com comorbidades. \u201cVacina \u00e9 vacina. Se fosse antigamente, nem haveria tantos questionamentos como hoje. Quando eu era menino, a gente simplesmente se vacinava. Nem conhec\u00edamos como era esse processo. E as doses tamb\u00e9m podiam n\u00e3o ser 100% eficazes e ter efeitos colaterais\u201d, comenta.<\/p>\n<div class=\"materia-title\">\n<h3>M\u00e9dia m\u00f3vel de mortes sobe 11%<\/h3>\n<\/div>\n<p class=\"texto\">Entre sexta-feira (4\/6) e s\u00e1bado (5\/6), houve confirma\u00e7\u00e3o de 912 novos casos e 24 mortes por covid-19 no Distrito Federal. Com a atualiza\u00e7\u00e3o divulgada no mais recente boletim di\u00e1rio da Secretaria de Sa\u00fade, o total de infectados subiu para 410.059, e as v\u00edtimas s\u00e3o 8.790 desde o in\u00edcio da crise sanit\u00e1ria. Enquanto a taxa de cont\u00e1gio est\u00e1 em 0,99 \u2014 cada 100 pessoas transmitem o v\u00edrus para, aproximadamente, outros 99 indiv\u00edduos \u2014, a m\u00e9dia m\u00f3vel de \u00f3bitos dos \u00faltimos sete dias subiu 11% na compara\u00e7\u00e3o com o verificado duas semanas antes. Por outro lado, a de casos variou -4,07% no mesmo per\u00edodo, mas mant\u00e9m-se em patamar elevado (838).<\/p>\n<p class=\"texto\">A campanha de vacina\u00e7\u00e3o continua neste domingo (6\/6) para os grupos priorit\u00e1rios, em seis postos, das 9h \u00e0s 17h (<strong>leia Onde se vacinar<\/strong>). Na segunda-feira (7\/6), come\u00e7a o atendimento de pessoas com 59 anos que agendaram a imuniza\u00e7\u00e3o pelo site\u00a0<em><a href=\"https:\/\/vacina.saude.df.gov.br\/\">vacina.saude.df.gov.br<\/a><\/em>. A corretora de im\u00f3veis Michele Saad, 38 anos, compareceu ao drive-thru no s\u00e1bado (5\/6) para receber a primeira dose. Ela relata que tinha medo de pegar a doen\u00e7a e de infectar familiares sem saber. \u201cComo trabalho direto com o p\u00fablico e fora de casa, tomo todos os cuidados necess\u00e1rios. Mas, mesmo assim, o medo de contrair a doen\u00e7a ou passar o v\u00edrus para algu\u00e9m era grande\u201d, diz a moradora de Sobradinho. Com a vacina, ela acredita que ficar\u00e1 mais segura. \u201cMelhor ter uma rea\u00e7\u00e3o (\u00e0 dose) do que \u00e0 covid-19\u201d, completa.<\/p>\n<p class=\"texto\">O Estacionamento 12 do Parque da Cidade \u00e9 o local onde gr\u00e1vidas e pu\u00e9rperas com alguma condi\u00e7\u00e3o cl\u00ednica podem se vacinar. Gestante h\u00e1 seis meses, a arquiteta Paloma Vega, 34, recebeu um diagn\u00f3stico de comorbidade na semana retrasada. Com o laudo m\u00e9dico, ela compareceu ao posto de atendimento para receber a primeira dose do imunizante. \u201cEngravidei na pandemia, mudei de endere\u00e7o&#8230; Era muita coisa acontecendo\u201d, disse a moradora de \u00c1guas Claras. \u201cQueria tomar antes de a minha filha nascer, para ela vir com muitos anticorpos\u201d, completou Paloma.<\/p>\n<p class=\"texto\"><strong><em>Colaboraram Luana Patriolino, Pedro Marra e Ricardo Daehn<\/em><\/strong><\/p>\n<div class=\"materia-title\">\n<h3>Diferen\u00e7as<\/h3>\n<\/div>\n<div class=\"responsive-img\"><picture><source media=\"(max-width: 767px)\" data-srcset=\"https:\/\/imgsapp.impresso.correioweb.com.br\/app\/da_impresso_130686904244\/2017\/07\/24\/245192\/20170723204326158646u.JPG 360w\" \/><source media=\"(max-width: 1365px)\" data-srcset=\"https:\/\/imgsapp.impresso.correioweb.com.br\/app\/da_impresso_130686904244\/2017\/07\/24\/245192\/20170723204326158646u.JPG 675w\" \/><source media=\"(min-width: 1366px)\" data-srcset=\"https:\/\/imgsapp.impresso.correioweb.com.br\/app\/da_impresso_130686904244\/2017\/07\/24\/245192\/20170723204326158646u.JPG 820w\" \/><img decoding=\"async\" title=\" (cr\u00e9dito: Minervino Junior\/CB\/D.A Press)\" src=\"https:\/\/imgsapp.impresso.correioweb.com.br\/app\/da_impresso_130686904244\/2017\/07\/24\/245192\/20170723204326158646u.JPG\" alt=\" (cr\u00e9dito: Minervino Junior\/CB\/D.A Press)\" data-src=\"https:\/\/imgsapp.impresso.correioweb.com.br\/app\/da_impresso_130686904244\/2017\/07\/24\/245192\/20170723204326158646u.JPG\" \/><\/picture>\n<div class=\"responsive-img-caption\"><small>cr\u00e9dito: Minervino Junior\/CB\/D.A Press<\/small><\/div>\n<\/div>\n<p class=\"texto\">Saiba como funcionam os imunizantes dispon\u00edveis no Brasil:<\/p>\n<p class=\"texto\"><strong>CoronaVac (Butantan\/SinoVac)<\/strong><\/p>\n<p class=\"texto\">Produzida pela farmac\u00eautica chinesa SinoVac em parceria com o Instituto Butantan, a CoronaVac recebeu a autoriza\u00e7\u00e3o de uso emergencial pela Ag\u00eancia Nacional de Vigil\u00e2ncia Sanit\u00e1ria (Anvisa) e pela Organiza\u00e7\u00e3o Mundial de Sa\u00fade (OMS). Para confec\u00e7\u00e3o da vacina, o Sars-CoV-2 \u00e9 inativado com uso de subst\u00e2ncias qu\u00edmicas e se torna incapaz de causar a covid-19. Em seguida, h\u00e1 adi\u00e7\u00e3o de hidr\u00f3xido de alum\u00ednio \u00e0 solu\u00e7\u00e3o, o que induz a produ\u00e7\u00e3o de anticorpos em quem recebe a dose. Ela precisa de duas doses, com o intervalo entre 14 e 28 dias, para ter efic\u00e1cia total. Cerca de duas semanas depois da aplica\u00e7\u00e3o do refor\u00e7o, a imuniza\u00e7\u00e3o est\u00e1 completa.<\/p>\n<p class=\"texto\"><strong>Oxford\/AstraZeneca (Fiocruz)<\/strong><\/p>\n<p class=\"texto\">Vacina desenvolvida pela Universidade de Oxford e fabricada pela biofarmac\u00eautica sueca AstraZeneca. No Brasil, a Funda\u00e7\u00e3o Oswaldo Cruz (Fiocruz) \u00e9 parceira na produ\u00e7\u00e3o do inoculante e recebe o insumo farmac\u00eautico ativo (IFA) da empresa. A vacina usa uma tecnologia chamada vetor viral e \u00e9 confeccionada a partir de um adenov\u00edrus de chimpanz\u00e9s. O composto \u00e9 manipulado para inserir no c\u00f3digo gen\u00e9tico o gene da prote\u00edna spike (S), presente no novo coronav\u00edrus. Assim, o micro-organismo perde a capacidade de se multiplicar no corpo humano e de provocar a doen\u00e7a. Depois de um processo qu\u00edmico, essa solu\u00e7\u00e3o comp\u00f5e a vacina, estimulando a resposta imunol\u00f3gica do organismo contra a prote\u00edna S, na forma de anticorpos e c\u00e9lulas T. O imunizante tamb\u00e9m requer dose dupla para completar a prote\u00e7\u00e3o. O intervalo entre as aplica\u00e7\u00f5es \u00e9 de tr\u00eas meses.<\/p>\n<p class=\"texto\"><strong>Pfizer\/BioNTech<\/strong><\/p>\n<p class=\"texto\">O imunizante da farmac\u00eautica norte-americana Pfizer em parceria com o laborat\u00f3rio alem\u00e3o BioNTech, requer aplica\u00e7\u00e3o de duas doses, com intervalo de 21 dias entre elas. A vacina usa a tecnologia do RNA mensageiro (mRNA), por meio da qual um trecho do material gen\u00e9tico do v\u00edrus que corresponde \u00e0 prote\u00edna spike (S) \u00e9 manipulado em laborat\u00f3rio de forma sint\u00e9tica, empacotado em uma mol\u00e9cula e incorporado \u00e0 vacina. Quando aplicada, ela induz o corpo a produzir essa prote\u00edna, desencadeando, tamb\u00e9m, uma resposta imunol\u00f3gica do organismo.<\/p>\n<p class=\"texto\">\n<div class=\"glide galeria-cb glide--ltr glide--slider glide--swipeable\" data-idx=\"1\">\n<div class=\"glide__track\" data-glide-el=\"track\">\n<ul class=\"glide__slides\">\n<li class=\"glide__slide glide__slide--active\"><img decoding=\"async\" src=\"https:\/\/midias.correiobraziliense.com.br\/_midias\/jpg\/2021\/02\/15\/pri_1602_0502__l__21_cor-6534059.jpg\" alt=\"A CoronaVac, da farmac\u00eautica chinesa Sinovac, \u00e9 a outra vacina que integra o plano de imuniza\u00e7\u00e3o\" data-src=\"https:\/\/midias.correiobraziliense.com.br\/_midias\/jpg\/2021\/02\/15\/pri_1602_0502__l__21_cor-6534059.jpg\" \/><\/li>\n<\/ul>\n<\/div>\n<\/div>\n<div class=\"materia-title\">\n<h3>Onde se vacinar<\/h3>\n<\/div>\n<p class=\"texto\"><strong>Confira a lista de postos de atendimento que funcionam hoje:<\/strong><\/p>\n<p class=\"texto\"><strong>\u00c1guas Claras, das 9h \u00e0s 17h<\/strong><br \/>\n\u00bb Uniplan \u2014 Av. das Castanheiras (drive-thru)<\/p>\n<p class=\"texto\"><strong>Ceil\u00e2ndia, das 9h \u00e0s 17h<\/strong><br \/>\n\u00bb Sesc de Ceil\u00e2ndia \u2014 QNN 27, \u00c1rea Especial S\/N, Ceil\u00e2ndia Norte (drive-thru)<\/p>\n<p class=\"texto\"><strong>Plano Piloto, das 9h \u00e0s 17h<\/strong><br \/>\n\u00bb Est\u00e1dio Nacional Man\u00e9 Garrincha (drive-thru)<br \/>\n\u00bb Torre de TV (drive-thru)<br \/>\n\u00bb Parque da Cidade (drive-thru)<\/p>\n<p class=\"texto\"><strong>Taguatinga, das 9h \u00e0s 17h<\/strong><br \/>\n\u00bb Taguaparque \u2014 Col\u00f4nia Agr\u00edcola Samambaia, Pist\u00e3o Norte (drive-thru)<\/p>\n","protected":false},"excerpt":{"rendered":"<p>Com mais de quatro meses de vacina\u00e7\u00e3o contra a covid-19 e tr\u00eas imunizantes diferentes dispon\u00edveis para o p\u00fablico, a campanha do Distrito Federal enfrenta outro desafio al\u00e9m da pandemia. Uma onda consider\u00e1vel de pessoas, segundo servidores da Secretaria de Sa\u00fade (SES-DF), tem adiado o pr\u00f3prio atendimento porque quer escolher a marca da vacina que tomar\u00e1. [&hellip;]<\/p>\n","protected":false},"author":4,"featured_media":4060,"comment_status":"open","ping_status":"open","sticky":false,"template":"","format":"standard","meta":{"footnotes":""},"categories":[4],"tags":[],"class_list":["post-4059","post","type-post","status-publish","format-standard","has-post-thumbnail","hentry","category-noticias"],"post_mailing_queue_ids":[],"_links":{"self":[{"href":"https:\/\/www.sodf.org.br\/wordpress\/wp-json\/wp\/v2\/posts\/4059","targetHints":{"allow":["GET"]}}],"collection":[{"href":"https:\/\/www.sodf.org.br\/wordpress\/wp-json\/wp\/v2\/posts"}],"about":[{"href":"https:\/\/www.sodf.org.br\/wordpress\/wp-json\/wp\/v2\/types\/post"}],"author":[{"embeddable":true,"href":"https:\/\/www.sodf.org.br\/wordpress\/wp-json\/wp\/v2\/users\/4"}],"replies":[{"embeddable":true,"href":"https:\/\/www.sodf.org.br\/wordpress\/wp-json\/wp\/v2\/comments?post=4059"}],"version-history":[{"count":1,"href":"https:\/\/www.sodf.org.br\/wordpress\/wp-json\/wp\/v2\/posts\/4059\/revisions"}],"predecessor-version":[{"id":4061,"href":"https:\/\/www.sodf.org.br\/wordpress\/wp-json\/wp\/v2\/posts\/4059\/revisions\/4061"}],"wp:featuredmedia":[{"embeddable":true,"href":"https:\/\/www.sodf.org.br\/wordpress\/wp-json\/wp\/v2\/media\/4060"}],"wp:attachment":[{"href":"https:\/\/www.sodf.org.br\/wordpress\/wp-json\/wp\/v2\/media?parent=4059"}],"wp:term":[{"taxonomy":"category","embeddable":true,"href":"https:\/\/www.sodf.org.br\/wordpress\/wp-json\/wp\/v2\/categories?post=4059"},{"taxonomy":"post_tag","embeddable":true,"href":"https:\/\/www.sodf.org.br\/wordpress\/wp-json\/wp\/v2\/tags?post=4059"}],"curies":[{"name":"wp","href":"https:\/\/api.w.org\/{rel}","templated":true}]}}