{"id":4052,"date":"2021-06-06T12:43:36","date_gmt":"2021-06-06T15:43:36","guid":{"rendered":"http:\/\/www.sodf.org.br\/wordpress\/?p=4052"},"modified":"2021-06-06T12:43:36","modified_gmt":"2021-06-06T15:43:36","slug":"carreata-no-df-protesta-contra-realizacao-da-copa-america-no-brasil","status":"publish","type":"post","link":"https:\/\/www.sodf.org.br\/wordpress\/carreata-no-df-protesta-contra-realizacao-da-copa-america-no-brasil\/","title":{"rendered":"Carreata no DF protesta contra realiza\u00e7\u00e3o da Copa Am\u00e9rica no Brasil"},"content":{"rendered":"<p>Na manh\u00e3 deste domingo (6\/6), um grupo de brasileinses se reuniu para promover uma carreata contra a realiza\u00e7\u00e3o da Copa Am\u00e9rica no Brasil e pedindo mais vacinas contra a Covid-19. Por volta das 10h30, os manifestantes sa\u00edram do Pal\u00e1cio do Buriti, em dire\u00e7\u00e3o \u00e0 Esplanada dos Minist\u00e9rios, com bandeiras de partidos de esquerda e faixas pedindo a sa\u00edda do presidente Jair Bolsonaro (sem partido). Por volta das 12h, o protesto \u2013 intitulado \u201cO Povo N\u00e3o Quer Copa, o Povo Quer Vacina\u201d \u2013 j\u00e1 havia sido encerrado. Segundo apurou a reportagem do\u00a0<strong>Metr\u00f3poles<\/strong>, ao menos 80 ve\u00edculos participaram da\u00a0<a href=\"https:\/\/www.metropoles.com\/brasil\/politica-brasil\/tecnicos-da-cpi-dizem-que-copa-america-e-mau-exemplo-do-brasil?amp\" target=\"_blank\" rel=\"amphtml noopener\">carreata<\/a>, que se concentrou a partir das 9h30, deste domingo (6\/6). A manifesta\u00e7\u00e3o saiu do Pal\u00e1cio do Buriti e seguiu pelo Eixo Monumental at\u00e9 o Congresso Nacional. A dispers\u00e3o ocorreu na Rodovi\u00e1ria do Plano Piloto, ocupando tr\u00eas faixas da via. O evento foi organizado pelo Partido dos Trabalhadores (PT-DF) e demais legendas de oposi\u00e7\u00e3o ao presidente Jair Bolsonaro (sem partido).<\/p>\n<p>A manifesta\u00e7\u00e3o ocorreu sem confrontos, durante a concentra\u00e7\u00e3o, ainda em frente ao Pal\u00e1cio do Buriti o grupo recebeu buzinas de apoio e, tamb\u00e9m, gritos de motoristas que discordavam da pauta e de apoiadores de Jair Bolsonaro. De acordo com os participantes, apesar de os jogos acontecerem sem torcida, as delega\u00e7\u00f5es que chegar\u00e3o ao DF, vir\u00e3o de lugares distintos, passando por diversos aeroportos e aumentando os \u00edndices de contamina\u00e7\u00e3o e a ocorr\u00eancia de novas variantes do coronav\u00edrus.<\/p>\n<p>\u201cAl\u00e9m disso tudo, seriam canais de transmiss\u00e3o de variantes daqui para os pa\u00edses participantes da Copa Am\u00e9rica\u201d, aponta nota divulgada pelo PT.<\/p>\n<p>Dezenas de manifestantes colaram cartazes nos ve\u00edculos com os dizeres: \u201cO povo n\u00e3o quer Copa, o povo quer vacina\u201d. A frase fazia alus\u00e3o a entrega de imunizantes contra a Covid-19 \u2013 at\u00e9 o momento, 48.461.660 milh\u00f5es de brasileiros (22,89% do total) tomaram a 1\u00aa dose do imunizante.<\/p>\n","protected":false},"excerpt":{"rendered":"<p>Na manh\u00e3 deste domingo (6\/6), um grupo de brasileinses se reuniu para promover uma carreata contra a realiza\u00e7\u00e3o da Copa Am\u00e9rica no Brasil e pedindo mais vacinas contra a Covid-19. Por volta das 10h30, os manifestantes sa\u00edram do Pal\u00e1cio do Buriti, em dire\u00e7\u00e3o \u00e0 Esplanada dos Minist\u00e9rios, com bandeiras de partidos de esquerda e faixas [&hellip;]<\/p>\n","protected":false},"author":4,"featured_media":4053,"comment_status":"open","ping_status":"open","sticky":false,"template":"","format":"standard","meta":{"footnotes":""},"categories":[4],"tags":[],"class_list":["post-4052","post","type-post","status-publish","format-standard","has-post-thumbnail","hentry","category-noticias"],"post_mailing_queue_ids":[],"_links":{"self":[{"href":"https:\/\/www.sodf.org.br\/wordpress\/wp-json\/wp\/v2\/posts\/4052","targetHints":{"allow":["GET"]}}],"collection":[{"href":"https:\/\/www.sodf.org.br\/wordpress\/wp-json\/wp\/v2\/posts"}],"about":[{"href":"https:\/\/www.sodf.org.br\/wordpress\/wp-json\/wp\/v2\/types\/post"}],"author":[{"embeddable":true,"href":"https:\/\/www.sodf.org.br\/wordpress\/wp-json\/wp\/v2\/users\/4"}],"replies":[{"embeddable":true,"href":"https:\/\/www.sodf.org.br\/wordpress\/wp-json\/wp\/v2\/comments?post=4052"}],"version-history":[{"count":1,"href":"https:\/\/www.sodf.org.br\/wordpress\/wp-json\/wp\/v2\/posts\/4052\/revisions"}],"predecessor-version":[{"id":4054,"href":"https:\/\/www.sodf.org.br\/wordpress\/wp-json\/wp\/v2\/posts\/4052\/revisions\/4054"}],"wp:featuredmedia":[{"embeddable":true,"href":"https:\/\/www.sodf.org.br\/wordpress\/wp-json\/wp\/v2\/media\/4053"}],"wp:attachment":[{"href":"https:\/\/www.sodf.org.br\/wordpress\/wp-json\/wp\/v2\/media?parent=4052"}],"wp:term":[{"taxonomy":"category","embeddable":true,"href":"https:\/\/www.sodf.org.br\/wordpress\/wp-json\/wp\/v2\/categories?post=4052"},{"taxonomy":"post_tag","embeddable":true,"href":"https:\/\/www.sodf.org.br\/wordpress\/wp-json\/wp\/v2\/tags?post=4052"}],"curies":[{"name":"wp","href":"https:\/\/api.w.org\/{rel}","templated":true}]}}