{"id":4047,"date":"2021-06-03T16:56:49","date_gmt":"2021-06-03T19:56:49","guid":{"rendered":"http:\/\/www.sodf.org.br\/wordpress\/?p=4047"},"modified":"2021-06-03T16:59:31","modified_gmt":"2021-06-03T19:59:31","slug":"copa-america-capitais-que-vao-receber-os-jogos-tem-dificuldade-para-conter-pandemia","status":"publish","type":"post","link":"https:\/\/www.sodf.org.br\/wordpress\/copa-america-capitais-que-vao-receber-os-jogos-tem-dificuldade-para-conter-pandemia\/","title":{"rendered":"Copa Am\u00e9rica: capitais que v\u00e3o receber os jogos t\u00eam dificuldade para conter pandemia"},"content":{"rendered":"<p>Capitais escolhidas pelo governo federal para receber os jogos da Copa Am\u00e9rica, Bras\u00edlia, Cuiab\u00e1, Goi\u00e2nia e Rio de Janeiro passam por dificuldades para conter a pandemia da covid-19. Um dos indicadores mais relevantes diz respeito \u00e0 taxa de ocupa\u00e7\u00e3o de leitos de unidade de terapia intensiva (UTI), cuja m\u00e9dia entre as quatro cidades-sede se aproxima dos 85%, segundo dados de prefeituras e da Secretaria de Sa\u00fade do Distrito Federal.<\/p>\n<p class=\"texto\">Em todos os locais, de cada quatro leitos de UTI, tr\u00eas j\u00e1 est\u00e3o preenchidos. Bras\u00edlia tem o maior n\u00famero, com uma ocupa\u00e7\u00e3o de 90,58%. Na sequ\u00eancia vem o Rio de Janeiro, com 86%. Cuiab\u00e1 \u00e9 o terceiro, com uma taxa de 81,86%. E Goi\u00e2nia fecha a lista, com 79,3%.<\/p>\n<p class=\"texto\">Mas os palcos do torneio de futebol guardam outras semelhan\u00e7as no enfrentamento \u00e0 pandemia, como o baixo n\u00famero de pessoas vacinadas em rela\u00e7\u00e3o \u00e0 popula\u00e7\u00e3o estimada de cada local. Nenhuma das cidades-sede chegou \u00e0 marca de um quarto dos seus habitantes totalmente imunizados contra a covid-19 e a m\u00e9dia nos quatro locais de quem tomou a inje\u00e7\u00e3o \u00e9 de apenas 14,5%, de acordo com n\u00fameros do Minist\u00e9rio da Sa\u00fade.<\/p>\n<p class=\"texto\">Cuiab\u00e1 \u00e9 a capital com o maior \u00edndice, tendo aplicado as duas doses necess\u00e1rias em 23% dos habitantes. No Rio, 13% dos cariocas completaram o esquema de vacina\u00e7\u00e3o. Em Goi\u00e2nia, 12,5% da popula\u00e7\u00e3o foi atendida e Bras\u00edlia s\u00f3 alcan\u00e7ou 9,8% dos moradores.<\/p>\n<p class=\"texto\">Juntas, as quatro cidades contabilizam 974.129 casos do novo coronav\u00edrus e 43.097 mortes desde o in\u00edcio da crise sanit\u00e1ria. Se fossem um pa\u00eds da Am\u00e9rica do Sul, teriam mais infec\u00e7\u00f5es do que Equador (428.865), Bol\u00edvia (374.718), Paraguai (361.440), Uruguai (301.524) e Venezuela (235.567). E mais \u00f3bitos do que Chile (29.385), Equador (20.681), Bol\u00edvia (14.639), Paraguai (9.293), Uruguai (4.394) e Venezuela (2.661).<\/p>\n<p class=\"texto\">Para o m\u00e9dico infectologista Vitor Bertollo, do Hospital de Bras\u00edlia, a disputa \u00e9 motivo de preocupa\u00e7\u00e3o, em especial pelo fato de o Brasil estar longe de controlar o n\u00famero de casos e mortes pela covid-19 e alcan\u00e7ar uma velocidade razo\u00e1vel de vacina\u00e7\u00e3o. \u201cMesmo que nos jogos n\u00e3o tenham participa\u00e7\u00e3o de torcida, \u00e9 natural que os torcedores se re\u00fanam. Aqueles locais que tiverem um percentual menor de vacinado entre a sua popula\u00e7\u00e3o v\u00e3o ter um risco maior\u201d, alertou.<\/p>\n<p class=\"texto\">Em resposta ao Correio, a Confedera\u00e7\u00e3o Sul-Americana de Futebol (Conmebol) justificou a realiza\u00e7\u00e3o do torneio no Brasil salientando que o pa\u00eds, hoje, \u201ctem taxas de infec\u00e7\u00e3o abaixo da m\u00e9dia sul-americana, de acordo com dados da Universidade John Hopkins. No \u00edndice de casos por milh\u00e3o de habitantes, est\u00e1 em melhores condi\u00e7\u00f5es que a Argentina ou a Col\u00f4mbia, pa\u00edses que inicialmente iriam sediar o torneio. As proje\u00e7\u00f5es indicam que esta tend\u00eancia continuar\u00e1 pelo menos nos pr\u00f3ximos meses\u201d.<\/p>\n<p class=\"texto\">\u201cO Brasil est\u00e1 entre os tr\u00eas pa\u00edses com a maior porcentagem de popula\u00e7\u00e3o vacinada do continente, atr\u00e1s do Chile e do Uruguai. As cidades escolhidas como cidades-sede est\u00e3o entre aquelas com a menor incid\u00eancia da doen\u00e7a\u201d, explicou.<\/p>\n<p class=\"texto\"><strong>Custo<\/strong><\/p>\n<p class=\"texto\">Diante do cen\u00e1rio de dificuldade socioecon\u00f4mica exposto pela pandemia, os governos das cidades-sede ficariam com a situa\u00e7\u00e3o ainda mais complicada caso tivessem de arcar com as despesas para a realiza\u00e7\u00e3o da Copa. Contudo, isso n\u00e3o ser\u00e1 necess\u00e1rio, de acordo com o Minist\u00e9rio da Cidadania. Segundo a pasta, por se tratar de evento de natureza privada, a organiza\u00e7\u00e3o e a log\u00edstica s\u00e3o de responsabilidade da Conmebol e da Confedera\u00e7\u00e3o Brasileira de Futebol (CBF).<\/p>\n<p class=\"texto\">Conforme a proje\u00e7\u00e3o apresentada pela Confedera\u00e7\u00e3o Sul-Americana no in\u00edcio do ano para a realiza\u00e7\u00e3o do torneio, 25% das despesas or\u00e7amentadas para garantir a realiza\u00e7\u00e3o das suas competi\u00e7\u00f5es seria destinado apenas para o torneio entre sele\u00e7\u00f5es: em US$ 122,221 milh\u00f5es (R$ 620 milh\u00f5es pelo c\u00e2mbio de ontem).<\/p>\n<div class=\"materia-title\">\n<h3>Polariza\u00e7\u00e3o \u00e9 mais grave, diz Pacheco<\/h3>\n<\/div>\n<div class=\"responsive-img\">\n<picture><source media=\"(max-width: 767px)\" data-srcset=\"https:\/\/midias.correiobraziliense.com.br\/_midias\/jpg\/2021\/06\/02\/360x240\/1_pri_0306_0404__l__15_cor-6690014.jpg 360w\" \/><source media=\"(max-width: 1365px)\" data-srcset=\"https:\/\/midias.correiobraziliense.com.br\/_midias\/jpg\/2021\/06\/02\/675x450\/1_pri_0306_0404__l__15_cor-6690014.jpg 675w\" \/><source media=\"(min-width: 1366px)\" data-srcset=\"https:\/\/midias.correiobraziliense.com.br\/_midias\/jpg\/2021\/06\/02\/820x547\/1_pri_0306_0404__l__15_cor-6690014.jpg 820w\" \/><img decoding=\"async\" title=\" (cr\u00e9dito: Evaristo Sa\/AFP - 14\/4\/21 )\" src=\"https:\/\/midias.correiobraziliense.com.br\/_midias\/jpg\/2021\/06\/02\/675x450\/1_pri_0306_0404__l__15_cor-6690014.jpg\" alt=\" (cr\u00e9dito: Evaristo Sa\/AFP - 14\/4\/21 )\" data-src=\"https:\/\/midias.correiobraziliense.com.br\/_midias\/jpg\/2021\/06\/02\/675x450\/1_pri_0306_0404__l__15_cor-6690014.jpg\" \/><\/picture>\n<div class=\"responsive-img-caption\"><small>cr\u00e9dito: Evaristo Sa\/AFP &#8211; 14\/4\/21<\/small><\/div>\n<\/div>\n<p class=\"texto\">O presidente do Senado, Rodrigo Pacheco (DEM-MG), afirmou que manifesta\u00e7\u00f5es pol\u00edticas nas ruas s\u00e3o mais preocupantes do que a realiza\u00e7\u00e3o da Copa Am\u00e9rica para a propaga\u00e7\u00e3o da covid-19 pelo pa\u00eds. A declara\u00e7\u00e3o foi feita em entrevista ao Programa Cidinha Livre, da Super R\u00e1dio Tupi, na tarde de ontem.<\/p>\n<p class=\"texto\">Ao ser questionado pela apresentadora se \u00e9 a favor de a competi\u00e7\u00e3o ser disputada aqui, depois que Argentina e Col\u00f4mbia se recusaram a organiz\u00e1-la, o senador afirmou que \u201coutros torneios acontecem no Brasil\u201d e que a Copa Am\u00e9rica deve ocorrer sem p\u00fablico e com cautela. E considerou que aglomera\u00e7\u00f5es clandestinas e manifesta\u00e7\u00f5es, estas sim, mais preocupantes. \u201cEventos promovidos, inclusive, pela polariza\u00e7\u00e3o pol\u00edtica, de manifesta\u00e7\u00f5es de apoio pol\u00edtico, nesse momento s\u00e3o temas mais preocupantes e n\u00e3o s\u00e3o algo apropriado\u201d, salientou.<\/p>\n<p class=\"texto\">O senador lastimou, ainda, a trucul\u00eancia da Pol\u00edcia Militar pernambucana contra os manifestantes contr\u00e1rios ao presidente Jair Bolsonaro, no \u00faltimo s\u00e1bado, em Recife, quando dispersaram a multid\u00e3o com viol\u00eancia \u2014 atirando contra ela bombas de efeito moral e balas de borracha, que, inclusive, fizertam com que dois homens que nada tinham a ver com o ato perdessem parte da vis\u00e3o, atingidos quer foram pelos proj\u00e9teis. \u201cEsse \u00f3dio est\u00e1 em toda a sociedade e tamb\u00e9m na pol\u00edtica. Homens p\u00fablicos do Brasil devem dar exemplo e o exemplo \u00e9 o respeito ao Estado democr\u00e1tico de direito, com a conviv\u00eancia entre os divergentes\u201d, pontuou.<\/p>\n<p class=\"texto\">Indagado pelo colunista de pol\u00edtica do Correio Braziliense Luiz Carlos Azedo se o Senado est\u00e1 concentrado apenas na CPI da Covid, Pacheco afirmou que a Casa vem apresentando \u201ca maior produtividade dos \u00faltimos 26 anos\u201d. Ele disse, ainda, que a comiss\u00e3o de inqu\u00e9rito chama atrair a aten\u00e7\u00e3o da sociedade, cumpre o papel de investigar \u201ca\u00e7\u00f5es e omiss\u00f5es em face da pandemia\u201d, mas n\u00e3o \u00e9 todo o trabalho do Senado.<\/p>\n<p class=\"texto\">\u201cNos primeiros 100 dias, aprovamos 116 proposi\u00e7\u00f5es legislativas, muitas em rela\u00e7\u00e3o \u00e0 pandemia, mas, tamb\u00e9m, sobre temas variados. Considero que o Senado tem cumprido o seu papel e eu tenho tido toda a aten\u00e7\u00e3o nesse sentido, porque precisamos fazer entregas \u00e0 sociedade\u201d, explicou.<\/p>\n<p class=\"texto\">Pacheco garantiu estar empenhado em aprovar as reformas tribut\u00e1ria e administrativa, mesmo sem o apoio de Bolsonaro. \u201cN\u00e3o podemos atrelar uma pauta que, eventualmente, seja antip\u00e1tica \u00e0 perspectiva eleitoral e deixar de apreci\u00e1-la. A reforma deve ser debatida e avan\u00e7ar. Espero que um projeto, que \u00e9 da iniciativa do Executivo, tenha o apoio do presidente e de todos aqueles que devem, pelo Poder Executivo, apoi\u00e1-lo\u201d, afirmou.<\/p>\n<p class=\"texto\">Ele descartou, ainda, a possibilidade de ser candidato \u00e0 Presid\u00eancia da Rep\u00fablica em 2022. Para ele, \u00e9 \u201cno m\u00ednimo imprudente\u201d, pois assumiu a responsabilidade de dirigir o Senado e se disse focado nas propostas que \u201csirvam para melhoria das condi\u00e7\u00f5es de vida do povo\u201d.<\/p>\n<div class=\"materia-title\">\n<h3>&#8220;Quem reclama n\u00e3o tem autoridade para falar&#8221;<\/h3>\n<h4>deputado federal (DEM-DF)<\/h4>\n<\/div>\n<div class=\"responsive-img\">\n<picture><source media=\"(max-width: 767px)\" data-srcset=\"https:\/\/midias.correiobraziliense.com.br\/_midias\/jpg\/2021\/06\/02\/360x240\/1_pri_0306_0403__l__15_cor-6690025.jpg 360w\" \/><source media=\"(max-width: 1365px)\" data-srcset=\"https:\/\/midias.correiobraziliense.com.br\/_midias\/jpg\/2021\/06\/02\/675x450\/1_pri_0306_0403__l__15_cor-6690025.jpg 675w\" \/><source media=\"(min-width: 1366px)\" data-srcset=\"https:\/\/midias.correiobraziliense.com.br\/_midias\/jpg\/2021\/06\/02\/820x547\/1_pri_0306_0403__l__15_cor-6690025.jpg 820w\" \/><img decoding=\"async\" title=\" (cr\u00e9dito: Marcelo Ferreira\/CB\/D.A Press)\" src=\"https:\/\/midias.correiobraziliense.com.br\/_midias\/jpg\/2021\/06\/02\/675x450\/1_pri_0306_0403__l__15_cor-6690025.jpg\" alt=\" (cr\u00e9dito: Marcelo Ferreira\/CB\/D.A Press)\" data-src=\"https:\/\/midias.correiobraziliense.com.br\/_midias\/jpg\/2021\/06\/02\/675x450\/1_pri_0306_0403__l__15_cor-6690025.jpg\" \/><\/picture>\n<div class=\"responsive-img-caption\"><small>cr\u00e9dito: Marcelo Ferreira\/CB\/D.A Press<\/small><\/div>\n<\/div>\n<p class=\"texto\">Apesar de o pa\u00eds estar na imin\u00eancia de uma terceira onda da pandemia e de a vacina\u00e7\u00e3o contra a covid-19 avan\u00e7ar lentamente, o governo federal confirmou a realiza\u00e7\u00e3o, a partir do pr\u00f3ximo dias 13, da Copa Am\u00e9rica no Brasil. Para o deputado federal Luiz Miranda (DEM-DF), a vinda do evento n\u00e3o deveria ser raz\u00e3o de estranhamento ou cr\u00edtica, pois outros campeonatos de futebol v\u00eam sendo realizados no pa\u00eds normalmente, exceto pela presen\u00e7a de p\u00fablico nos est\u00e1dios. Confira trechos da entrevista que concedeu, ontem, ao CB.Poder \u2014 programa que \u00e9 uma parceria do Correio Braziliense com a TV Bras\u00edlia.<\/p>\n<p class=\"texto\"><strong>O que o senhor pensa da realiza\u00e7\u00e3o da Copa Am\u00e9rica no Brasil? Uma das sedes \u00e9 Bras\u00edlia.<\/strong><br \/>\nOs agentes que est\u00e3o reclamando n\u00e3o t\u00eam autoridade para falar. Tem manifesta\u00e7\u00e3o de direita, da esquerda, Campeonato Brasileiro, Copa do Brasil, campeonatos estaduais e o argumento \u00e9 que estrangeiros poderiam trazer uma nova cepa (do novo coronav\u00edrus)? Por que nossas fronteiras n\u00e3o est\u00e3o fechadas? Qualquer pessoa pode vir. O atleta \u00e9 regulado, tem uma equipe m\u00e9dica, faz exames constantemente. Ou vamos tratar de tudo ou de nada. Os agentes que est\u00e3o gritando n\u00e3o est\u00e3o observando o seguinte: n\u00e3o dever\u00edamos ter Campeonato Brasileiro, Copa do Brasil, campeonatos estaduais e j\u00e1 dev\u00edamos ter fechado as fronteiras se, de fato, queremos combater qualquer nova cepa.<\/p>\n<p class=\"texto\"><strong>Os atletas t\u00eam todas as condi\u00e7\u00f5es de tratamento adequado se,\u00a0<\/strong><strong>porventura, forem infectados pela covid-19. Mas e os torcedores? E as pessoas que v\u00e3o se aglomerar? Isso n\u00e3o preocupa?<\/strong><br \/>\nEstamos fazendo isso nos campeonatos estaduais. Quando foi algo que n\u00e3o impactou determinado grupo que tem um interesse nesse tema, ningu\u00e9m falou nada. Quem marcou ponto foi exatamente o presidente Bolsonaro. Os mesmos governadores que hoje est\u00e3o reclamando estavam fazendo os outros jogos e as pessoas estavam se aglomerando. N\u00e3o podemos ter uma r\u00e9gua que s\u00f3 vale quando \u00e9 o governo Bolsonaro e outra quando s\u00e3o os governadores.<\/p>\n<p class=\"texto\"><strong>Como o senhor avalia a vacina\u00e7\u00e3o no Brasil e no DF?<\/strong><br \/>\nEst\u00e1 de uma forma lenta, apesar dos milh\u00f5es de unidades disponibilizadas. O governo federal, l\u00e1 atr\u00e1s \u2014 conhe\u00e7o a hist\u00f3ria, estava junto com (o ex-ministro Eduardo) Pazuello naquele momento em que ele me confidenciou informa\u00e7\u00f5es que eu nem sei mais se s\u00e3o, de fato, public\u00e1veis, porque vai chegar um momento que ele vai ter que explicar isso \u2014, fez todo um trabalho que o mundo inteiro n\u00e3o estava observando, antes mesmo de falar em vacina\u00e7\u00e3o em massa. Adquirimos toda a infraestrutura. Um grupo vendeu medicamento ao Brasil, recebeu o dinheiro e n\u00e3o entregou. Era um dos grupos que estava apresentando uma poss\u00edvel distribui\u00e7\u00e3o de vacina. Ent\u00e3o, o governo trava as vacinas por conta dos intermedi\u00e1rios.<\/p>\n<p class=\"texto\"><strong>Qual grupo?<\/strong><br \/>\nCorruptores. N\u00e3o posso falar o nome aqui, mas tem den\u00fancia na Pol\u00edcia Federal. Isso \u00e9 algo que o jornalismo investigativo, se quiser, mostra.<\/p>\n<p class=\"texto\"><strong>O senhor acha que Pazuello foi injusti\u00e7ado?<\/strong><br \/>\nAcho. Ele quis fazer e n\u00e3o conseguiu muitas vezes.<\/p>\n","protected":false},"excerpt":{"rendered":"<p>Capitais escolhidas pelo governo federal para receber os jogos da Copa Am\u00e9rica, Bras\u00edlia, Cuiab\u00e1, Goi\u00e2nia e Rio de Janeiro passam por dificuldades para conter a pandemia da covid-19. Um dos indicadores mais relevantes diz respeito \u00e0 taxa de ocupa\u00e7\u00e3o de leitos de unidade de terapia intensiva (UTI), cuja m\u00e9dia entre as quatro cidades-sede se aproxima [&hellip;]<\/p>\n","protected":false},"author":4,"featured_media":4050,"comment_status":"open","ping_status":"open","sticky":false,"template":"","format":"standard","meta":{"footnotes":""},"categories":[4],"tags":[],"class_list":["post-4047","post","type-post","status-publish","format-standard","has-post-thumbnail","hentry","category-noticias"],"post_mailing_queue_ids":[],"_links":{"self":[{"href":"https:\/\/www.sodf.org.br\/wordpress\/wp-json\/wp\/v2\/posts\/4047","targetHints":{"allow":["GET"]}}],"collection":[{"href":"https:\/\/www.sodf.org.br\/wordpress\/wp-json\/wp\/v2\/posts"}],"about":[{"href":"https:\/\/www.sodf.org.br\/wordpress\/wp-json\/wp\/v2\/types\/post"}],"author":[{"embeddable":true,"href":"https:\/\/www.sodf.org.br\/wordpress\/wp-json\/wp\/v2\/users\/4"}],"replies":[{"embeddable":true,"href":"https:\/\/www.sodf.org.br\/wordpress\/wp-json\/wp\/v2\/comments?post=4047"}],"version-history":[{"count":2,"href":"https:\/\/www.sodf.org.br\/wordpress\/wp-json\/wp\/v2\/posts\/4047\/revisions"}],"predecessor-version":[{"id":4051,"href":"https:\/\/www.sodf.org.br\/wordpress\/wp-json\/wp\/v2\/posts\/4047\/revisions\/4051"}],"wp:featuredmedia":[{"embeddable":true,"href":"https:\/\/www.sodf.org.br\/wordpress\/wp-json\/wp\/v2\/media\/4050"}],"wp:attachment":[{"href":"https:\/\/www.sodf.org.br\/wordpress\/wp-json\/wp\/v2\/media?parent=4047"}],"wp:term":[{"taxonomy":"category","embeddable":true,"href":"https:\/\/www.sodf.org.br\/wordpress\/wp-json\/wp\/v2\/categories?post=4047"},{"taxonomy":"post_tag","embeddable":true,"href":"https:\/\/www.sodf.org.br\/wordpress\/wp-json\/wp\/v2\/tags?post=4047"}],"curies":[{"name":"wp","href":"https:\/\/api.w.org\/{rel}","templated":true}]}}