{"id":4041,"date":"2021-06-03T16:51:27","date_gmt":"2021-06-03T19:51:27","guid":{"rendered":"http:\/\/www.sodf.org.br\/wordpress\/?p=4041"},"modified":"2021-06-03T17:02:16","modified_gmt":"2021-06-03T20:02:16","slug":"agendamento-da-vacina-para-pessoas-com-59-anos-e-antecipado-para-esta-6a","status":"publish","type":"post","link":"https:\/\/www.sodf.org.br\/wordpress\/agendamento-da-vacina-para-pessoas-com-59-anos-e-antecipado-para-esta-6a\/","title":{"rendered":"Agendamento da vacina para pessoas com 59 anos \u00e9 antecipado para esta 6\u00aa"},"content":{"rendered":"<p>A\u00a0<a href=\"https:\/\/www.agenciabrasilia.df.gov.br\/2021\/06\/03\/agendamento-para-vacinacao-de-pessoas-com-59-anos-comeca-nesta-sexta-4\/\" target=\"_blank\" rel=\"noopener\">Secretaria de Sa\u00fade do Distrito Federal<\/a>\u00a0decidiu antecipar o agendamento da\u00a0<a href=\"https:\/\/www.metropoles.com\/colunas\/grande-angular\/ibaneis-preve-inicio-da-vacinacao-para-rodoviarios-a-partir-da-semana-que-vem?amp\" target=\"_blank\" rel=\"amphtml noopener\">vacina contra Covid-19<\/a> das pessoas com 59 anos para esta sexta-feira (4\/6), a partir das 14h. O agendamento do grupo priorit\u00e1rio, que inclui deficientes sem BPC e comorbidades acima de 18 anos, ser\u00e1 tamb\u00e9m nesta sexta, como estava previsto, a partir das 10h,Todos come\u00e7ar\u00e3o a ser vacinados a partir de segunda-feira (7\/6), seguindo a data e os locais escolhidos. As pessoas do grupo de 59 anos ir\u00e3o apenas marcar o dia e a hora da imuniza\u00e7\u00e3o, sem necessidade de realizar cadastro. J\u00e1 para o grupo de comorbidades, \u00e9 poss\u00edvel realizar o cadastramento desde o in\u00edcio de maio. S\u00f3 depois, poder\u00e3o marcar dia, hora e local para a vacina.<\/p>\n<p>Ser\u00e3o disponibilizadas 18 mil doses para atender o p\u00fablico de 59 anos. Para o grupo de prioridades e comorbidades, ser\u00e3o destinadas 43 mil doses. A pessoa agendada que, por algum motivo, n\u00e3o receber a vacina no dia marcado, ter\u00e1 cinco dias para procurar o ponto de vacina\u00e7\u00e3o, do contr\u00e1rio, perder\u00e1 a sua prioridade.<\/p>\n<h5>Rodovi\u00e1rios<\/h5>\n<p>Uma nova categoria profissional do Distrito Federal. Os\u00a0<a href=\"https:\/\/www.metropoles.com\/distrito-federal\/vacinacao-dos-rodoviarios-comeca-nesta-quinta-feira-no-df-veja-postos?amp\" target=\"_blank\" rel=\"amphtml noopener\">rodovi\u00e1rios foram inseridos na imuniza\u00e7\u00e3o contra a Covid-19<\/a>. Mil doses est\u00e3o dispon\u00edveis para a vacina\u00e7\u00e3o de cobradores e motoristas de \u00f4nibus nesta quinta-feira (3\/6), feriado de\u00a0<a href=\"https:\/\/www.metropoles.com\/tag\/corpus-christi?amp\" target=\"_blank\" rel=\"amphtml noopener\">Corpus Christi<\/a>. Ao todo, ser\u00e3o aplicadas quatro mil doses em rodovi\u00e1rios. Mil delas estar\u00e3o dispon\u00edveis nesta quinta e as demais na semana que vem. N\u00e3o \u00e9 preciso fazer agendamento, uma lista foi encaminhada pelo sindicato da categoria para a Secretaria de Sa\u00fade com os nomes dos profissionais a serem vacinados. Dos quatro postos em funcionamento neste feriado, em tr\u00eas deles os servidores da Secretaria de Sa\u00fade v\u00e3o aplicar a vacina nos rodovi\u00e1rios: na Unidade B\u00e1sica de Sa\u00fade (UBS) 5, em Ceil\u00e2ndia, na UBS I do Riacho Fundo e no Estacionamento 13 do Parque da Cidade. O atendimento na Pra\u00e7a dos Cristais, no QG do Ex\u00e9rcito, que funciona na parte da noite, ser\u00e1 destinado aos aeroportu\u00e1rios e funcion\u00e1rios do Minist\u00e9rio da Sa\u00fade. Os quatro postos funcionam como drive-thrus.<\/p>\n<p>De acordo com os rodovi\u00e1rios, o crit\u00e9rio que ser\u00e1 seguido \u00e9 o de idade. Os nomes dos que preenchem os requisitos foram repassados \u00e0 secretaria, e quando forem aos postos previamente definidos, os trabalhadores j\u00e1 estar\u00e3o habilitados.<\/p>\n<p>O primeiro rodovi\u00e1rio a se vacinar no Estacionamento 13 do Parque da Cidade chegou ao local \u00e0s 4h45. A vacina\u00e7\u00e3o come\u00e7ou \u00e0s 9h20.<\/p>\n<p>Audenisio Meneses de Sousa, de 57 anos, \u00e9 motorista da Piracicabana h\u00e1 8. \u201cFa\u00e7o a linha Planaltina para o Plano Piloto. Sempre muito cheia.\u00a0<a href=\"https:\/\/www.metropoles.com\/tag\/covid-19?amp\" target=\"_blank\" rel=\"amphtml noopener\">Estou feliz com a primeira dose<\/a>. N\u00e3o paramos de trabalhar e ficamos muito contentes que o nosso momento chegou.\u201d<\/p>\n<p>O cobrador Joel Rodrigues, 55, comentou que recebeu a not\u00edcia sobre a imuniza\u00e7\u00e3o pelo sindicato, na noite dessa quarta. \u201cAgora \u00e9 aguardar a segunda dose para ficar 100%. Est\u00e1vamos esperando por esse momento.\u201d<\/p>\n<p>Os rodovi\u00e1rios est\u00e3o recebendo a vacina Astrazeneca. A segunda dose para quem tomou o imunizante nesta quinta, est\u00e1 agendada para o fim de agosto.<\/p>\n<p>Ivan Francisco dos Santos, 55, \u00e9 motorista. Ele chegou ao local \u00e0s 5h. \u201cN\u00e3o est\u00e1 com muita fila. Fui o terceiro carro contemplado. Estava muito ansioso e recebo a imuniza\u00e7\u00e3o com sentimento de al\u00edvio. N\u00e3o parei de trabalhar desde o in\u00edcio da pandemia. N\u00e3o tive a Covid, mas perdi amigos para essa doen\u00e7a. Por mais que a gente tome as precau\u00e7\u00f5es, a gente tem medo de levar a doen\u00e7a para casa. Hoje mesmo j\u00e1 vou trabalhar e estou me sentindo seguro. Feliz. Que venha logo para todos tamb\u00e9m\u201d, pontuou Ivan.<\/p>\n<h5>Sindicato<\/h5>\n<p>Ao\u00a0<strong>Metr\u00f3poles<\/strong>, o vice-presidente do Sindicato dos Rodovi\u00e1rios, Jo\u00e3o Jesus de Oliveira, explicou os crit\u00e9rios para a escolha dos nomes dos profissionais que ser\u00e3o imunizados nesta primeira etapa. Segundo ele, primeiramente a vacina vai alcan\u00e7ar homens e mulheres que nasceram entre 1963 e 1967, cuja as idades est\u00e3o entre 54 a 58 anos.<\/p>\n<blockquote><p>\u201cO que conseguimos hoje, com esse primeiro dia de imuniza\u00e7\u00e3o para rodovi\u00e1rio, \u00e9 fruto de muita luta do sindicato. O n\u00famero de 4 mil dose j\u00e1 est\u00e1 satisfat\u00f3rio e aguardamos as 12 mil doses para a categoria, o que atende a todos os trabalhadores ativos. Isso ser\u00e1 feito de acordo com a disponibilidade de doses que chegam ao DF.\u201d<\/p><\/blockquote>\n<p>Ainda segundo o sindicalista, a entidade est\u00e1 ligando para todos os trabalhadores autorizados a tomar a primeira dose nesta quinta, para pedir que eles n\u00e3o deixem de ir a um dos postos de vacina\u00e7\u00e3o.<\/p>\n<p>\u201cN\u00e3o podemos desperdi\u00e7ar o momento. Queremos atingir 100% da lista enviada para hoje. Amanh\u00e3, j\u00e1 estar\u00e1 dispon\u00edvel uma nova lista. Queremos que todos compare\u00e7am no dia certo\u201d, afirmou.<\/p>\n<p>\u201cVamos aguardar as pr\u00f3ximas doses para que o GDF libere aos pr\u00f3ximos trabalhadores que ainda ficaram sem a imuniza\u00e7\u00e3o. O nosso desejo \u00e9 ver a categoria 100% segura.\u201d, finalizou.<\/p>\n","protected":false},"excerpt":{"rendered":"<p>A\u00a0Secretaria de Sa\u00fade do Distrito Federal\u00a0decidiu antecipar o agendamento da\u00a0vacina contra Covid-19 das pessoas com 59 anos para esta sexta-feira (4\/6), a partir das 14h. O agendamento do grupo priorit\u00e1rio, que inclui deficientes sem BPC e comorbidades acima de 18 anos, ser\u00e1 tamb\u00e9m nesta sexta, como estava previsto, a partir das 10h,Todos come\u00e7ar\u00e3o a ser [&hellip;]<\/p>\n","protected":false},"author":4,"featured_media":4042,"comment_status":"open","ping_status":"open","sticky":false,"template":"","format":"standard","meta":{"footnotes":""},"categories":[4],"tags":[],"class_list":["post-4041","post","type-post","status-publish","format-standard","has-post-thumbnail","hentry","category-noticias"],"post_mailing_queue_ids":[],"_links":{"self":[{"href":"https:\/\/www.sodf.org.br\/wordpress\/wp-json\/wp\/v2\/posts\/4041","targetHints":{"allow":["GET"]}}],"collection":[{"href":"https:\/\/www.sodf.org.br\/wordpress\/wp-json\/wp\/v2\/posts"}],"about":[{"href":"https:\/\/www.sodf.org.br\/wordpress\/wp-json\/wp\/v2\/types\/post"}],"author":[{"embeddable":true,"href":"https:\/\/www.sodf.org.br\/wordpress\/wp-json\/wp\/v2\/users\/4"}],"replies":[{"embeddable":true,"href":"https:\/\/www.sodf.org.br\/wordpress\/wp-json\/wp\/v2\/comments?post=4041"}],"version-history":[{"count":1,"href":"https:\/\/www.sodf.org.br\/wordpress\/wp-json\/wp\/v2\/posts\/4041\/revisions"}],"predecessor-version":[{"id":4043,"href":"https:\/\/www.sodf.org.br\/wordpress\/wp-json\/wp\/v2\/posts\/4041\/revisions\/4043"}],"wp:featuredmedia":[{"embeddable":true,"href":"https:\/\/www.sodf.org.br\/wordpress\/wp-json\/wp\/v2\/media\/4042"}],"wp:attachment":[{"href":"https:\/\/www.sodf.org.br\/wordpress\/wp-json\/wp\/v2\/media?parent=4041"}],"wp:term":[{"taxonomy":"category","embeddable":true,"href":"https:\/\/www.sodf.org.br\/wordpress\/wp-json\/wp\/v2\/categories?post=4041"},{"taxonomy":"post_tag","embeddable":true,"href":"https:\/\/www.sodf.org.br\/wordpress\/wp-json\/wp\/v2\/tags?post=4041"}],"curies":[{"name":"wp","href":"https:\/\/api.w.org\/{rel}","templated":true}]}}