{"id":4029,"date":"2021-06-01T23:44:37","date_gmt":"2021-06-02T02:44:37","guid":{"rendered":"http:\/\/www.sodf.org.br\/wordpress\/?p=4029"},"modified":"2021-06-02T00:00:48","modified_gmt":"2021-06-02T03:00:48","slug":"com-medidas-sanitarias-ibaneis-autoriza-copa-america-em-brasilia","status":"publish","type":"post","link":"https:\/\/www.sodf.org.br\/wordpress\/com-medidas-sanitarias-ibaneis-autoriza-copa-america-em-brasilia\/","title":{"rendered":"Com medidas sanit\u00e1rias, Ibaneis autoriza Copa Am\u00e9rica em Bras\u00edlia"},"content":{"rendered":"<p>Ap\u00f3s conversas com a Confedera\u00e7\u00e3o Brasileira de Futebol (CBF), o\u00a0<a href=\"https:\/\/www.metropoles.com\/distrito-federal\/ibaneis-visita-residencial-e-entrega-88-habitacoes-no-sol-nascente?amp\" target=\"_blank\" rel=\"amphtml noopener\">governador Ibaneis Rocha (MDB)<\/a> decidiu, nesta ter\u00e7a-feira (1\u00ba\/6), autorizar a realiza\u00e7\u00e3o de jogos da Copa Am\u00e9rica no Distrito Federal, prevista para ter in\u00edcio em 13 de junho. Os eventos, contudo, dever\u00e3o ocorrer sem a presen\u00e7a de p\u00fablico em massa nas arquibancadas. \u201cQue Bras\u00edlia vai ser sede, est\u00e1 confirmado, sim. Mas ainda estamos aguardando o presidente da CBF nos mostrar o plano para a realiza\u00e7\u00e3o desses jogos. Nossa decis\u00e3o ser\u00e1 para que as medidas sanit\u00e1rias sejam respeitadas\u201d, disse.<\/p>\n<p>O titular do Pal\u00e1cio do Buriti n\u00e3o adiantou se haver\u00e1 autoriza\u00e7\u00e3o para p\u00fablico presencial, mas entende que h\u00e1 a possibilidade. \u201cSe forem os torcedores do Botafogo, que j\u00e1 est\u00e3o com as vacinas tomadas, n\u00e3o ter\u00e1 problema\u201d, brincou o governador, sobre a piada de que os amantes do clube alvinegro carioca t\u00eam, em sua maioria, idade mais avan\u00e7ada.<\/p>\n<p>A confirma\u00e7\u00e3o ocorre ap\u00f3s a Conmebol ter anunciado, na segunda-feira (31\/5), a realiza\u00e7\u00e3o do campeonato internacional no Brasil e de o <a href=\"https:\/\/www.metropoles.com\/brasil\/bolsonaro-confirma-copa-america-com-jogos-em-4-estados-e-no-df?utm_source=WhatsApp+Telegram&amp;utm_medium=WhatsApp+Telegram&amp;utm_campaign=Bolsonaro+confirma+Copa+Am%C3%A9rica+com+jogos+em+4+estados+e+no+DF&amp;amp\" target=\"_blank\" rel=\"amphtml noopener\">presidente Jair Bolsonaro (sem partido)<\/a>\u00a0ter assegurado, nesta tarde, Bras\u00edlia como uma das cidades que v\u00e3o sediar os jogos.<\/p>\n<p>A mudan\u00e7a ocorreu depois que a entidade retirou a Copa Am\u00e9rica da Col\u00f4mbia, devido aos protestos que ocorrem no pa\u00eds, e tamb\u00e9m ter cancelado os jogos na Argentina. A Sele\u00e7\u00e3o Brasileira faz a sua estreia, na segunda-feira (14\/6), contra a Venezuela. Procurada pelo\u00a0<strong>Metr\u00f3poles<\/strong>\u00a0na segunda, a Arena BSB, respons\u00e1vel pela administra\u00e7\u00e3o do Est\u00e1dio Nacional Man\u00e9 Garrincha, afirmou que h\u00e1 datas dispon\u00edveis e que toda a estrutura se encontra em condi\u00e7\u00f5es para a realiza\u00e7\u00e3o de partidas da Copa Am\u00e9rica.<\/p>\n<p>&nbsp;<\/p>\n","protected":false},"excerpt":{"rendered":"<p>Ap\u00f3s conversas com a Confedera\u00e7\u00e3o Brasileira de Futebol (CBF), o\u00a0governador Ibaneis Rocha (MDB) decidiu, nesta ter\u00e7a-feira (1\u00ba\/6), autorizar a realiza\u00e7\u00e3o de jogos da Copa Am\u00e9rica no Distrito Federal, prevista para ter in\u00edcio em 13 de junho. Os eventos, contudo, dever\u00e3o ocorrer sem a presen\u00e7a de p\u00fablico em massa nas arquibancadas. \u201cQue Bras\u00edlia vai ser sede, [&hellip;]<\/p>\n","protected":false},"author":4,"featured_media":4040,"comment_status":"open","ping_status":"open","sticky":false,"template":"","format":"standard","meta":{"footnotes":""},"categories":[4],"tags":[],"class_list":["post-4029","post","type-post","status-publish","format-standard","has-post-thumbnail","hentry","category-noticias"],"post_mailing_queue_ids":[],"_links":{"self":[{"href":"https:\/\/www.sodf.org.br\/wordpress\/wp-json\/wp\/v2\/posts\/4029","targetHints":{"allow":["GET"]}}],"collection":[{"href":"https:\/\/www.sodf.org.br\/wordpress\/wp-json\/wp\/v2\/posts"}],"about":[{"href":"https:\/\/www.sodf.org.br\/wordpress\/wp-json\/wp\/v2\/types\/post"}],"author":[{"embeddable":true,"href":"https:\/\/www.sodf.org.br\/wordpress\/wp-json\/wp\/v2\/users\/4"}],"replies":[{"embeddable":true,"href":"https:\/\/www.sodf.org.br\/wordpress\/wp-json\/wp\/v2\/comments?post=4029"}],"version-history":[{"count":1,"href":"https:\/\/www.sodf.org.br\/wordpress\/wp-json\/wp\/v2\/posts\/4029\/revisions"}],"predecessor-version":[{"id":4031,"href":"https:\/\/www.sodf.org.br\/wordpress\/wp-json\/wp\/v2\/posts\/4029\/revisions\/4031"}],"wp:featuredmedia":[{"embeddable":true,"href":"https:\/\/www.sodf.org.br\/wordpress\/wp-json\/wp\/v2\/media\/4040"}],"wp:attachment":[{"href":"https:\/\/www.sodf.org.br\/wordpress\/wp-json\/wp\/v2\/media?parent=4029"}],"wp:term":[{"taxonomy":"category","embeddable":true,"href":"https:\/\/www.sodf.org.br\/wordpress\/wp-json\/wp\/v2\/categories?post=4029"},{"taxonomy":"post_tag","embeddable":true,"href":"https:\/\/www.sodf.org.br\/wordpress\/wp-json\/wp\/v2\/tags?post=4029"}],"curies":[{"name":"wp","href":"https:\/\/api.w.org\/{rel}","templated":true}]}}