{"id":4024,"date":"2021-05-31T22:51:54","date_gmt":"2021-06-01T01:51:54","guid":{"rendered":"http:\/\/www.sodf.org.br\/wordpress\/?p=4024"},"modified":"2021-06-01T00:25:43","modified_gmt":"2021-06-01T03:25:43","slug":"media-movel-de-mortes-por-covid-19-no-df-fica-estavel-em-251","status":"publish","type":"post","link":"https:\/\/www.sodf.org.br\/wordpress\/media-movel-de-mortes-por-covid-19-no-df-fica-estavel-em-251\/","title":{"rendered":"M\u00e9dia m\u00f3vel de mortes por Covid-19 no DF fica est\u00e1vel em 25,1"},"content":{"rendered":"<p>A m\u00e9dia m\u00f3vel de mortes por Covid-19 no DF permaneceu est\u00e1vel em 25,1 nesta segunda-feira (31\/5). Na compara\u00e7\u00e3o com 14 dias atr\u00e1s houve redu\u00e7\u00e3o de 9,7%, o que sinaliza estabilidade do patamar.<\/p>\n<div class=\"m-banner-wrap m-banner-rectangle m-publicity-content-middle\">\n<div id=\"MTP_PUB_CAT_PAI_DFP-quadrado-1\" class=\"ad-quadrado\">Por causa do tempo de incuba\u00e7\u00e3o do <a href=\"https:\/\/www.metropoles.com\/tag\/covid-19?amp\" target=\"_blank\" rel=\"amphtml noopener\">novo coronav\u00edrus<\/a>, adotou-se a recomenda\u00e7\u00e3o dos especialistas no sentido de confrontar a m\u00e9dia m\u00f3vel do dia com a de duas semanas antes. As oscila\u00e7\u00f5es no n\u00famero de mortes ou de casos de at\u00e9 15% para mais ou para menos caracterizam invariabilidade. Nesse crit\u00e9rio, o indicador permaneceu em queda entre 22 de abril e 30 de maio. Nas \u00faltimas 24 horas, foram registradas 28 mortes e 902 novas infec\u00e7\u00f5es. Devido ao atraso nas notifica\u00e7\u00f5es, os \u00f3bitos n\u00e3o ocorreram, necessariamente, nesse per\u00edodo. Ao todo, o DF j\u00e1 registrou\u00a0<span data-sheets-value=\"{&quot;1&quot;:3,&quot;3&quot;:400977}\" data-sheets-userformat=\"{&quot;2&quot;:512,&quot;12&quot;:0}\">405.903 casos da doen\u00e7a e 8.670 vidas perdidas.<\/span><\/div>\n<div>\n<p><strong>Veja:<\/strong><\/p>\n<div class=\"OUTBRAIN\" data-src=\"https:\/\/www.metropoles.com\/distrito-federal\/media-movel-de-mortes-por-covid-19-no-df-fica-estavel-em-251\" data-widget-id=\"AR_6\" data-ob-template=\"metropoles\"><\/div>\n<p><iframe class=\"i-amphtml-fill-content\" src=\"https:\/\/flo.uri.sh\/visualisation\/2822131\/embed?auto=1#amp=1\" name=\"amp_iframe0\" frameborder=\"0\" sandbox=\"allow-scripts allow-same-origin\"><\/iframe><\/p>\n<h5>Taxa de ocupa\u00e7\u00e3o das UTIs<\/h5>\n<p>A taxa de ocupa\u00e7\u00e3o de unidades de terapia intensiva\u00a0<a href=\"https:\/\/www.metropoles.com\/tag\/uti?amp\" target=\"_blank\" rel=\"amphtml noopener\">(UTIs)<\/a> e UCI voltadas para pacientes com Covid-19 na rede p\u00fablica estava em 77,4% na \u00faltima atualiza\u00e7\u00e3o da Secretaria de Sa\u00fade, realizada \u00e0s 16h26. Ao todo, 476 dos 615 leitos est\u00e3o ocupados.<\/p>\n<p>Na rede privada de sa\u00fade, a ocupa\u00e7\u00e3o dos leitos adultos para tratamento contra Covid-19 \u00e9 de 84,6%, com 208 dos 246 leitos ocupados. Essas informa\u00e7\u00f5es foram atualizadas \u00e0s 11h56.<\/p>\n<div class=\"m-banner-wrap m-banner-rectangle m-publicity-content-middle\">\n<div id=\"div-gpt-ad-distrito-federal-quadrado-1\" class=\"ad-quadrado\" data-google-query-id=\"COv7p6GP0_ACFWcwuQYdeZkM1Q\">\n<div class=\"m-banner-wrap m-banner-rectangle m-publicity-content-middle\">\n<div id=\"div-gpt-ad-distrito-federal-quadrado-1\" class=\"ad-quadrado\" data-google-query-id=\"CMG4tPGGyfACFaoJuQYdkIkJ0g\">\n<div class=\"m-banner-wrap m-banner-rectangle m-publicity-content-middle\">\n<div id=\"div-gpt-ad-distrito-federal-quadrado-1\" class=\"ad-quadrado\" data-google-query-id=\"COPSydHExvACFaIBuQYda8ILHQ\">\n<div data-google-query-id=\"CJDPzMehlPACFXQAuQYdfP0E5A\">\n<div class=\"m-banner-wrap m-banner-rectangle m-publicity-content-middle\">\n<div data-google-query-id=\"CJDPzMehlPACFXQAuQYdfP0E5A\">\n<h5 data-google-query-id=\"CJDPzMehlPACFXQAuQYdfP0E5A\">M\u00e9dia m\u00f3vel<\/h5>\n<\/div>\n<\/div>\n<\/div>\n<\/div>\n<\/div>\n<\/div>\n<\/div>\n<\/div>\n<\/div>\n<p>Acompanhar o avan\u00e7o da pandemia de Covid-19 com base em dados absolutos de mortes ou casos est\u00e1 longe do ideal. Isso porque eles podem ter varia\u00e7\u00f5es di\u00e1rias muito grandes, principalmente atrasos nos registros. Nos fins de semana, por exemplo, \u00e9 comum perceber redu\u00e7\u00e3o significativa dos n\u00fameros.<\/p>\n<p>Para diminuir esse efeito e produzir uma vis\u00e3o mais fiel, a m\u00e9dia m\u00f3vel \u00e9 amplamente utilizada ao redor do mundo. A taxa representa a soma dos \u00f3bitos divulgados em uma semana dividida por sete.<\/p>\n<p>O nome \u201cm\u00f3vel\u201d \u00e9 porque varia conforme o total de falecimentos dos sete dias anteriores.<\/p>\n<div class=\"m-banner-wrap m-banner-rectangle m-publicity-content-middle\">\n<div id=\"MTP_PUB_CAT_PAI_DFP-quadrado-3\" class=\"ad-quadrado\"><\/div>\n<\/div>\n<div class=\"amp-pub\"><\/div>\n<\/div>\n<\/div>\n","protected":false},"excerpt":{"rendered":"<p>A m\u00e9dia m\u00f3vel de mortes por Covid-19 no DF permaneceu est\u00e1vel em 25,1 nesta segunda-feira (31\/5). Na compara\u00e7\u00e3o com 14 dias atr\u00e1s houve redu\u00e7\u00e3o de 9,7%, o que sinaliza estabilidade do patamar. Por causa do tempo de incuba\u00e7\u00e3o do novo coronav\u00edrus, adotou-se a recomenda\u00e7\u00e3o dos especialistas no sentido de confrontar a m\u00e9dia m\u00f3vel do dia [&hellip;]<\/p>\n","protected":false},"author":4,"featured_media":4025,"comment_status":"open","ping_status":"open","sticky":false,"template":"","format":"standard","meta":{"footnotes":""},"categories":[4],"tags":[],"class_list":["post-4024","post","type-post","status-publish","format-standard","has-post-thumbnail","hentry","category-noticias"],"post_mailing_queue_ids":[],"_links":{"self":[{"href":"https:\/\/www.sodf.org.br\/wordpress\/wp-json\/wp\/v2\/posts\/4024","targetHints":{"allow":["GET"]}}],"collection":[{"href":"https:\/\/www.sodf.org.br\/wordpress\/wp-json\/wp\/v2\/posts"}],"about":[{"href":"https:\/\/www.sodf.org.br\/wordpress\/wp-json\/wp\/v2\/types\/post"}],"author":[{"embeddable":true,"href":"https:\/\/www.sodf.org.br\/wordpress\/wp-json\/wp\/v2\/users\/4"}],"replies":[{"embeddable":true,"href":"https:\/\/www.sodf.org.br\/wordpress\/wp-json\/wp\/v2\/comments?post=4024"}],"version-history":[{"count":1,"href":"https:\/\/www.sodf.org.br\/wordpress\/wp-json\/wp\/v2\/posts\/4024\/revisions"}],"predecessor-version":[{"id":4026,"href":"https:\/\/www.sodf.org.br\/wordpress\/wp-json\/wp\/v2\/posts\/4024\/revisions\/4026"}],"wp:featuredmedia":[{"embeddable":true,"href":"https:\/\/www.sodf.org.br\/wordpress\/wp-json\/wp\/v2\/media\/4025"}],"wp:attachment":[{"href":"https:\/\/www.sodf.org.br\/wordpress\/wp-json\/wp\/v2\/media?parent=4024"}],"wp:term":[{"taxonomy":"category","embeddable":true,"href":"https:\/\/www.sodf.org.br\/wordpress\/wp-json\/wp\/v2\/categories?post=4024"},{"taxonomy":"post_tag","embeddable":true,"href":"https:\/\/www.sodf.org.br\/wordpress\/wp-json\/wp\/v2\/tags?post=4024"}],"curies":[{"name":"wp","href":"https:\/\/api.w.org\/{rel}","templated":true}]}}