{"id":4021,"date":"2021-05-31T22:49:55","date_gmt":"2021-06-01T01:49:55","guid":{"rendered":"http:\/\/www.sodf.org.br\/wordpress\/?p=4021"},"modified":"2021-06-01T00:26:19","modified_gmt":"2021-06-01T03:26:19","slug":"df-procura-por-3a-dose-da-vacina-deixa-secretaria-de-saude-em-alerta","status":"publish","type":"post","link":"https:\/\/www.sodf.org.br\/wordpress\/df-procura-por-3a-dose-da-vacina-deixa-secretaria-de-saude-em-alerta\/","title":{"rendered":"DF: procura por 3\u00aa dose da vacina deixa Secretaria de Sa\u00fade em alerta"},"content":{"rendered":"<p>O secret\u00e1rio de Sa\u00fade, Osnei Okumoto, alertou nesta segunda-feira (31\/5) sobre casos de pessoas j\u00e1 vacinadas com duas doses contra a<a href=\"https:\/\/www.metropoles.com\/tag\/covid-19?amp\" target=\"_blank\" rel=\"amphtml noopener\">\u00a0Covid-19<\/a>\u00a0e que t\u00eam buscado os postos para conseguir uma terceira aplica\u00e7\u00e3o do imunizante.<\/p>\n<p><a href=\"https:\/\/www.metropoles.com\/colunas\/grande-angular\/ibaneis-anuncia-vacinacao-para-pessoas-com-59-anos-a-partir-do-dia-7?amp\" target=\"_blank\" rel=\"amphtml noopener\">Por isso, explicou o gestor, vai ser cobrado agendamento pr\u00e9vio para vacina\u00e7\u00e3o das novas faixas et\u00e1rias, come\u00e7ando por quem tem 59 anos<\/a>. At\u00e9 ent\u00e3o, para as pessoas com mais de 60 anos, o agendamento n\u00e3o \u00e9 necess\u00e1rio. Basta ir ao posto de vacina\u00e7\u00e3o.<\/p>\n<p>Com o agendamento, o Governo do Distrito Federal (GDF) vai centralizar o controle de quem foi imunizado dentro do sistema da secretaria e evitar que pessoas tomem doses extras dos imunizantes.<\/p>\n<div class=\"m-banner-wrap m-banner-rectangle m-publicity-content-middle\">\n<div id=\"MTP_PUB_CAT_PAI_DFP-quadrado-2\" class=\"ad-quadrado\">\n<p>\u201cExistem coment\u00e1rios de pessoas que querem vacinar mais de duas vezes. Ent\u00e3o, sempre o CPF \u00e9 fundamental para que a gente possa ter o bloqueio dentro do pr\u00f3prio sistema. Chegamos num momento muito importante que a gente vai averiguar se realmente a pessoa j\u00e1 tomou duas doses e se ela vai querer fazer uma terceira n\u00e9, deixando outras pessoas desassistidas\u201d, afirmou durante coletiva de imprensa.De acordo com Okumoto, n\u00e3o apenas no Distrito Federal, mas h\u00e1 relatos em outras unidades da Federa\u00e7\u00e3o sobre a procura por mais uma dose da vacina al\u00e9m do que \u00e9 recomendado pelas ind\u00fastrias farmac\u00eauticas.<\/p>\n<blockquote><p>\u201cEu ouvi muito coment\u00e1rio dentro aqui do Distrito Federal, coment\u00e1rios de amigos, de secret\u00e1rios de Sa\u00fade de outros estados, em rela\u00e7\u00e3o a pessoas que querem fazer terceira a dose\u201d, refor\u00e7ou.<\/p>\n<p>Tamb\u00e9m presente na coletiva para jornalistas, o secret\u00e1rio chefe da Casa Civil, Gustavo Rocha, afirmou que a centraliza\u00e7\u00e3o do agendamento e do cadastramento contribui para um melhor controle de quem j\u00e1 foi contemplado com o imunizante.<\/p>\n<p>\u201cEstamos h\u00e1 algum tempo vacinando e, nesse per\u00edodo, j\u00e1 foi poss\u00edvel a Secretaria de Sa\u00fade verificar quais s\u00e3o os gargalos, quais s\u00e3o os problemas e fazendo adequa\u00e7\u00e3o da forma de vacina\u00e7\u00e3o, levando em conta essas experi\u00eancias que deram certo e outras que por ventura n\u00e3o deram certo. No momento que voc\u00ea faz agendamento, voc\u00ea acaba tendo controle maior das pessoas que est\u00e3o sendo vacinadas\u201d, disse.<\/p>\n<div class=\"m-banner-wrap m-banner-rectangle m-publicity-content-middle\">\n<div id=\"MTP_PUB_CAT_PAI_DFP-quadrado-3\" class=\"ad-quadrado\"><\/div>\n<\/div>\n<h6>Novo grupo<\/h6>\n<p>O governador do Distrito Federal, Ibaneis Rocha (MDB), anunciou o\u00a0<a href=\"https:\/\/www.metropoles.com\/distrito-federal\/ibaneis-anuncia-vacinacao-de-pessoas-de-18-anos-com-comorbidades?amp\" target=\"_blank\" rel=\"amphtml noopener\">in\u00edcio da vacina\u00e7\u00e3o contra Covid-19<\/a>\u00a0para pessoas com 59 anos ou mais a partir da pr\u00f3xima segunda-feira (7\/6). O agendamento ser\u00e1 aberto na sexta (4), tanto para pessoas com idades acima de 18 anos que tenham comorbidades quanto para popula\u00e7\u00e3o de 59 anos.<\/p>\n<p>Na \u00faltima sexta-feira (28),\u00a0<a href=\"https:\/\/www.metropoles.com\/brasil\/ministerio-da-saude-autoriza-estados-e-municipios-a-vacinarem-toda-populacao-acima-de-18-anos?amp\" target=\"_blank\" rel=\"amphtml noopener\">o Minist\u00e9rio da Sa\u00fade autorizou estados e munic\u00edpios a vacinarem toda a popula\u00e7\u00e3o acima de 18 anos, por ordem decrescente de idade<\/a>. O DF segue o plano nacional e, portanto, a campanha de imuniza\u00e7\u00e3o tamb\u00e9m ser\u00e1 ampliada na capital.<\/p>\n<p>A imuniza\u00e7\u00e3o para quem tem 60 anos ou mais, no DF, est\u00e1 aberta h\u00e1 um m\u00eas. Nesse per\u00edodo, houve a inclus\u00e3o de novas faixas et\u00e1rias apenas para quem tem comorbidades.<\/p><\/blockquote>\n<\/div>\n<\/div>\n","protected":false},"excerpt":{"rendered":"<p>O secret\u00e1rio de Sa\u00fade, Osnei Okumoto, alertou nesta segunda-feira (31\/5) sobre casos de pessoas j\u00e1 vacinadas com duas doses contra a\u00a0Covid-19\u00a0e que t\u00eam buscado os postos para conseguir uma terceira aplica\u00e7\u00e3o do imunizante. Por isso, explicou o gestor, vai ser cobrado agendamento pr\u00e9vio para vacina\u00e7\u00e3o das novas faixas et\u00e1rias, come\u00e7ando por quem tem 59 anos. [&hellip;]<\/p>\n","protected":false},"author":4,"featured_media":4022,"comment_status":"open","ping_status":"open","sticky":false,"template":"","format":"standard","meta":{"footnotes":""},"categories":[4],"tags":[],"class_list":["post-4021","post","type-post","status-publish","format-standard","has-post-thumbnail","hentry","category-noticias"],"post_mailing_queue_ids":[],"_links":{"self":[{"href":"https:\/\/www.sodf.org.br\/wordpress\/wp-json\/wp\/v2\/posts\/4021","targetHints":{"allow":["GET"]}}],"collection":[{"href":"https:\/\/www.sodf.org.br\/wordpress\/wp-json\/wp\/v2\/posts"}],"about":[{"href":"https:\/\/www.sodf.org.br\/wordpress\/wp-json\/wp\/v2\/types\/post"}],"author":[{"embeddable":true,"href":"https:\/\/www.sodf.org.br\/wordpress\/wp-json\/wp\/v2\/users\/4"}],"replies":[{"embeddable":true,"href":"https:\/\/www.sodf.org.br\/wordpress\/wp-json\/wp\/v2\/comments?post=4021"}],"version-history":[{"count":2,"href":"https:\/\/www.sodf.org.br\/wordpress\/wp-json\/wp\/v2\/posts\/4021\/revisions"}],"predecessor-version":[{"id":4028,"href":"https:\/\/www.sodf.org.br\/wordpress\/wp-json\/wp\/v2\/posts\/4021\/revisions\/4028"}],"wp:featuredmedia":[{"embeddable":true,"href":"https:\/\/www.sodf.org.br\/wordpress\/wp-json\/wp\/v2\/media\/4022"}],"wp:attachment":[{"href":"https:\/\/www.sodf.org.br\/wordpress\/wp-json\/wp\/v2\/media?parent=4021"}],"wp:term":[{"taxonomy":"category","embeddable":true,"href":"https:\/\/www.sodf.org.br\/wordpress\/wp-json\/wp\/v2\/categories?post=4021"},{"taxonomy":"post_tag","embeddable":true,"href":"https:\/\/www.sodf.org.br\/wordpress\/wp-json\/wp\/v2\/tags?post=4021"}],"curies":[{"name":"wp","href":"https:\/\/api.w.org\/{rel}","templated":true}]}}