{"id":4018,"date":"2021-05-31T22:47:52","date_gmt":"2021-06-01T01:47:52","guid":{"rendered":"http:\/\/www.sodf.org.br\/wordpress\/?p=4018"},"modified":"2021-06-01T00:26:48","modified_gmt":"2021-06-01T03:26:48","slug":"comissao-do-congresso-alerta-para-risco-de-cepa-indiana-chegar-ao-df","status":"publish","type":"post","link":"https:\/\/www.sodf.org.br\/wordpress\/comissao-do-congresso-alerta-para-risco-de-cepa-indiana-chegar-ao-df\/","title":{"rendered":"Comiss\u00e3o do Congresso alerta para risco de cepa indiana chegar ao DF"},"content":{"rendered":"<p>A\u00a0<a href=\"https:\/\/www.metropoles.com\/colunas\/janela-indiscreta\/comissao-do-congresso-vai-acompanhar-gastos-para-combate-a-covid-19-no-df?amp\" target=\"_blank\" rel=\"amphtml noopener\">comiss\u00e3o mista do Congresso Nacional<\/a>\u00a0que acompanha as a\u00e7\u00f5es criadas de combate ao coronav\u00edrus no Distrito Federal alertou, nesta segunda-feira (31\/5), sobre o risco iminente da chegada da nova variante indiana da Covid-19 na capital federal.<\/p>\n<p>O maior problema, segundo os integrantes da comiss\u00e3o, \u00e9 a falta de barreiras sanit\u00e1rias para entrada de pessoas de outros estados no DF e a aus\u00eancia de planejamento espec\u00edfico para blindar o poss\u00edvel contato de brasilienses com essa que \u00e9 considerara uma muta\u00e7\u00e3o ainda mais infecciosa.<\/p>\n<p>\u201cNosso risco \u00e9 alto, pois a migra\u00e7\u00e3o e as viagens tempor\u00e1rias de todas as regi\u00f5es brasileiras para o DF s\u00e3o constantes e numerosas\u201d, afirmou o\u00a0<a href=\"https:\/\/www.metropoles.com\/brasil\/queiroga-da-pito-em-izalci-lucas-que-estava-ao-ar-livre-sem-mascara?amp\" target=\"_blank\" rel=\"amphtml noopener\">senador Izalci Lucas (PSDB-DF)<\/a>, durante a reuni\u00e3o do colegiado. De acordo com o parlamentar, os casos recentes da prolifera\u00e7\u00e3o da variante de Manaus (AM) refor\u00e7am a necessidade de medidas urgentes. \u201cHoje, a variante que predomina no Distrito Federal \u00e9 a de Manaus. Ent\u00e3o, ser\u00e1 que n\u00e3o aprenderam nada com essa experi\u00eancia?\u201d, cobrou o senador.<\/p>\n<p>H\u00e1 uma semana, o vice-presidente da C\u00e2mara Legislativa,\u00a0<a href=\"https:\/\/www.metropoles.com\/colunas\/janela-indiscreta\/cepa-indiana-deputado-quer-barreira-sanitaria-em-maranhenses-com-destino-ao-df?amp\" target=\"_blank\" rel=\"amphtml noopener\">deputado Rodrigo Delmasso (Republicanos)<\/a>, tamb\u00e9m cobrou da Ag\u00eancia Nacional de Vigil\u00e2ncia Sanit\u00e1ria (Anvisa) a cria\u00e7\u00e3o de barreiras para controlar pessoas que saiam do Maranh\u00e3o com destino ao Distrito Federal. O mesmo documento foi encaminhado ao Minist\u00e9rio da Sa\u00fade e \u00e0 Secretaria de Sa\u00fade local.<\/p>\n<p>A Secretaria de Sa\u00fade do DF esclarece que, no momento, ainda n\u00e3o h\u00e1 execu\u00e7\u00e3o de barreiras sanit\u00e1rias, mas que a pasta continua monitorando todo e qualquer caso suspeito de Covid-19, sendo poss\u00edvel identificar cepas por meio do sequenciamento gen\u00e9tico realizado pelo Lacen-DF. Ainda n\u00e3o h\u00e1 registro da nova cepa indiana no DF.<\/p>\n<h6>Provid\u00eancias<\/h6>\n<div class=\"content-wrapper\">\n<div class=\"container\">\n<div class=\"mtp-amp-wp-article-content\">\n<p>Recentemente, o m\u00e9dico sanitarista Gonzalo Vecina Neto, professor da Faculdade de Sa\u00fade P\u00fablica da USP, fundador e ex-presidente da Anvisa,\u00a0<a href=\"https:\/\/www.metropoles.com\/saude\/variante-indiana-ja-chegou-e-vai-se-disseminar-diz-sanitarista-gonzalo-vecina?amp\" target=\"_blank\" rel=\"noopener amphtml\">afirmou ao\u00a0<strong>Metr\u00f3poles<\/strong><\/a>\u00a0que o Brasil pode entrar em um quadro semelhante ao que a \u00cdndia est\u00e1 enfrentando se n\u00e3o tomar provid\u00eancias assertivas e imediatas para conter a variante B.1.617, encontrada pela primeira vez no pa\u00eds asi\u00e1tico.<\/p>\n<div class=\"m-banner-wrap m-banner-rectangle m-publicity-content-middle\">\n<div id=\"MTP_PUB_CAT_PAI_DFP-quadrado-3\" class=\"ad-quadrado\">\u201cDada a nossa incompet\u00eancia em diminuir a probabilidade da chegada dela, ou pelo menos retardar, ela chegou. Est\u00e1 se espalhando e mostrou na \u00cdndia que tem uma transmiss\u00e3o r\u00e1pida\u201d, alerta.<\/div>\n<\/div>\n<p>A B.1.617 \u00e9 um dos fatores relacionados ao\u00a0<a href=\"https:\/\/www.metropoles.com\/saude\/india-bate-novo-recorde-mundial-de-mortes-por-covid-19-em-24-horas?amp\" target=\"_blank\" rel=\"amphtml noopener\">aumento expressivo de novas infec\u00e7\u00f5es na \u00cdndia<\/a>\u00a0desde o in\u00edcio de abril, levando o sistema de sa\u00fade do pa\u00eds ao colapso.<\/p>\n<p>Ela j\u00e1 est\u00e1 em\u00a0<a href=\"https:\/\/www.metropoles.com\/mundo\/variante-indiana-da-covid-19-ja-esta-em-53-paises-veja-lista?amp\" target=\"_blank\" rel=\"amphtml noopener\">circula\u00e7\u00e3o em 53 pa\u00edses<\/a>, segundo relat\u00f3rio da Organiza\u00e7\u00e3o Mundial da Sa\u00fade (OMS) publicado na quarta-feira (26\/5).\u00a0<a href=\"https:\/\/www.metropoles.com\/brasil\/ministerio-da-saude-confirma-variante-da-india-em-minas-gerais?amp\" target=\"_blank\" rel=\"amphtml noopener\">No Brasil, h\u00e1 oito casos confirmados<\/a>, sendo seis em S\u00e3o Lu\u00eds, no Maranh\u00e3o, e os outros dois em Juiz de Fora, Minas Gerais, al\u00e9m de um em Campos dos Goytacazes, Rio de Janeiro.<\/p>\n<\/div>\n<\/div>\n<\/div>\n<div class=\"amp-pub-outbrain\"><\/div>\n<div class=\"OUTBRAIN\" data-src=\"https:\/\/www.metropoles.com\/colunas\/janela-indiscreta\/comissao-do-congresso-alerta-para-risco-de-cepa-indiana-chegar-ao-df\" data-widget-id=\"AR_6\" data-ob-template=\"metropoles\"><\/div>\n<div class=\"amp-pub\"><\/div>\n<div class=\"m-banner-wrap m-banner-rectangle m-publicity-content-middle\">\n<div id=\"MTP_PUB_CAT_PAI_DFP-quadrado-1\" class=\"ad-quadrado\"><\/div>\n<\/div>\n<div class=\"amp-pub\"><\/div>\n","protected":false},"excerpt":{"rendered":"<p>A\u00a0comiss\u00e3o mista do Congresso Nacional\u00a0que acompanha as a\u00e7\u00f5es criadas de combate ao coronav\u00edrus no Distrito Federal alertou, nesta segunda-feira (31\/5), sobre o risco iminente da chegada da nova variante indiana da Covid-19 na capital federal. O maior problema, segundo os integrantes da comiss\u00e3o, \u00e9 a falta de barreiras sanit\u00e1rias para entrada de pessoas de outros [&hellip;]<\/p>\n","protected":false},"author":4,"featured_media":4019,"comment_status":"open","ping_status":"open","sticky":false,"template":"","format":"standard","meta":{"footnotes":""},"categories":[4],"tags":[],"class_list":["post-4018","post","type-post","status-publish","format-standard","has-post-thumbnail","hentry","category-noticias"],"post_mailing_queue_ids":[],"_links":{"self":[{"href":"https:\/\/www.sodf.org.br\/wordpress\/wp-json\/wp\/v2\/posts\/4018","targetHints":{"allow":["GET"]}}],"collection":[{"href":"https:\/\/www.sodf.org.br\/wordpress\/wp-json\/wp\/v2\/posts"}],"about":[{"href":"https:\/\/www.sodf.org.br\/wordpress\/wp-json\/wp\/v2\/types\/post"}],"author":[{"embeddable":true,"href":"https:\/\/www.sodf.org.br\/wordpress\/wp-json\/wp\/v2\/users\/4"}],"replies":[{"embeddable":true,"href":"https:\/\/www.sodf.org.br\/wordpress\/wp-json\/wp\/v2\/comments?post=4018"}],"version-history":[{"count":1,"href":"https:\/\/www.sodf.org.br\/wordpress\/wp-json\/wp\/v2\/posts\/4018\/revisions"}],"predecessor-version":[{"id":4020,"href":"https:\/\/www.sodf.org.br\/wordpress\/wp-json\/wp\/v2\/posts\/4018\/revisions\/4020"}],"wp:featuredmedia":[{"embeddable":true,"href":"https:\/\/www.sodf.org.br\/wordpress\/wp-json\/wp\/v2\/media\/4019"}],"wp:attachment":[{"href":"https:\/\/www.sodf.org.br\/wordpress\/wp-json\/wp\/v2\/media?parent=4018"}],"wp:term":[{"taxonomy":"category","embeddable":true,"href":"https:\/\/www.sodf.org.br\/wordpress\/wp-json\/wp\/v2\/categories?post=4018"},{"taxonomy":"post_tag","embeddable":true,"href":"https:\/\/www.sodf.org.br\/wordpress\/wp-json\/wp\/v2\/tags?post=4018"}],"curies":[{"name":"wp","href":"https:\/\/api.w.org\/{rel}","templated":true}]}}