{"id":4011,"date":"2021-05-30T18:19:19","date_gmt":"2021-05-30T21:19:19","guid":{"rendered":"http:\/\/www.sodf.org.br\/wordpress\/?p=4011"},"modified":"2021-05-30T18:19:19","modified_gmt":"2021-05-30T21:19:19","slug":"conheca-a-historia-do-300o-paciente-de-transplante-cardiaco-do-icdf","status":"publish","type":"post","link":"https:\/\/www.sodf.org.br\/wordpress\/conheca-a-historia-do-300o-paciente-de-transplante-cardiaco-do-icdf\/","title":{"rendered":"Conhe\u00e7a a hist\u00f3ria do 300\u00ba paciente de transplante card\u00edaco do ICDF"},"content":{"rendered":"<p>Eric Humberto de Moraes, de 44 anos, come\u00e7ou sua via crucis por um transplante card\u00edaco em 17 de julho de 2018. Desde ent\u00e3o, houve nove tentativas para que a cirurgia fosse feita. E, no meio da pandemia de\u00a0<a href=\"https:\/\/www.metropoles.com\/tag\/covid-19?amp\" target=\"_blank\" rel=\"amphtml noopener\">Covid-19<\/a>, o morador da capital da Rep\u00fablica conseguiu.<\/p>\n<p>E com direito a fazer parte da hist\u00f3ria desse tipo de interven\u00e7\u00e3o na cidade: ele \u00e9 o 300\u00ba paciente \u2013 38 deles em crian\u00e7as \u2013 a receber um cora\u00e7\u00e3o no\u00a0<a href=\"http:\/\/www.icdf.org.br\/\" target=\"_blank\" rel=\"noopener\">Instituto de Cardiologia do Distrito Federal (ICDF)<\/a>, em 14 anos de hist\u00f3ria. Natural de Uberl\u00e2ndia e com miocardiopatia isqu\u00eamica, Eric viu uma verdadeira opera\u00e7\u00e3o de guerra ser montada para que ele tivesse uma nova esperan\u00e7a. Tudo come\u00e7ou ainda na madrugada de s\u00e1bado (29\/5), quando a equipe do hospital recebeu a not\u00edcia de que poderia haver um \u00f3rg\u00e3o compat\u00edvel no Rio de Janeiro. Liga\u00e7\u00f5es, mensagens e comunicados tiveram in\u00edcio. Afinal, uma a\u00e7\u00e3o assim precisa do apoio de institui\u00e7\u00f5es como a For\u00e7a A\u00e9rea Brasileira, as for\u00e7as de seguran\u00e7a do DF e Samu, entre outras, para que, em cinco horas, o cora\u00e7\u00e3o saia do doador e chegue ao corpo do transplantado.<\/p>\n<p>E assim foi at\u00e9 que, \u00e0s 16h15 deste s\u00e1bado, o cora\u00e7\u00e3o chegou ao ICDF, depois de viajar em um avi\u00e3o da FAB e um helic\u00f3ptero dos bombeiros. O procedimento cir\u00fargico, no entanto, come\u00e7ou bem antes. Por volta das 14h, o paciente j\u00e1 estava na sala cir\u00fargica. A previs\u00e3o \u00e9 de que o transplante seja conclu\u00eddo na noite deste s\u00e1bado (29\/05).<\/p>\n<h5>Hist\u00f3rico<\/h5>\n<p>O ICDF \u00e9 o \u00fanico hospital da rede p\u00fablica credenciado para o transplante card\u00edaco na regi\u00e3o Centro-Oeste. Hist\u00f3ria que come\u00e7ou em 2007, com a cirurgia feita em um homem de 47 anos. Em 2009, veio a primeira opera\u00e7\u00e3o do tipo em uma crian\u00e7a de 1 ano de idade.<\/p>\n<p>Com a primeira capta\u00e7\u00e3o a dist\u00e2ncia, o n\u00famero de transplantes aumentou. Isso aconteceu em 2011, e o cora\u00e7\u00e3o veio do vizinho Goi\u00e1s. Hoje, o tempo de espera para encontrar um \u00f3rg\u00e3o compat\u00edvel e realizar o procedimento \u00e9 de 102 dias. As conquistas continuaram. Em 2016, por exemplo, o Instituto de Cardiologia fez o primeiro implante de cora\u00e7\u00e3o artificial em um homem de 29 anos. Desde ent\u00e3o, seis desses equipamentos salvaram a vida de pessoas.<\/p>\n","protected":false},"excerpt":{"rendered":"<p>Eric Humberto de Moraes, de 44 anos, come\u00e7ou sua via crucis por um transplante card\u00edaco em 17 de julho de 2018. Desde ent\u00e3o, houve nove tentativas para que a cirurgia fosse feita. E, no meio da pandemia de\u00a0Covid-19, o morador da capital da Rep\u00fablica conseguiu. E com direito a fazer parte da hist\u00f3ria desse tipo [&hellip;]<\/p>\n","protected":false},"author":4,"featured_media":4012,"comment_status":"open","ping_status":"open","sticky":false,"template":"","format":"standard","meta":{"footnotes":""},"categories":[4],"tags":[],"class_list":["post-4011","post","type-post","status-publish","format-standard","has-post-thumbnail","hentry","category-noticias"],"post_mailing_queue_ids":[],"_links":{"self":[{"href":"https:\/\/www.sodf.org.br\/wordpress\/wp-json\/wp\/v2\/posts\/4011","targetHints":{"allow":["GET"]}}],"collection":[{"href":"https:\/\/www.sodf.org.br\/wordpress\/wp-json\/wp\/v2\/posts"}],"about":[{"href":"https:\/\/www.sodf.org.br\/wordpress\/wp-json\/wp\/v2\/types\/post"}],"author":[{"embeddable":true,"href":"https:\/\/www.sodf.org.br\/wordpress\/wp-json\/wp\/v2\/users\/4"}],"replies":[{"embeddable":true,"href":"https:\/\/www.sodf.org.br\/wordpress\/wp-json\/wp\/v2\/comments?post=4011"}],"version-history":[{"count":1,"href":"https:\/\/www.sodf.org.br\/wordpress\/wp-json\/wp\/v2\/posts\/4011\/revisions"}],"predecessor-version":[{"id":4013,"href":"https:\/\/www.sodf.org.br\/wordpress\/wp-json\/wp\/v2\/posts\/4011\/revisions\/4013"}],"wp:featuredmedia":[{"embeddable":true,"href":"https:\/\/www.sodf.org.br\/wordpress\/wp-json\/wp\/v2\/media\/4012"}],"wp:attachment":[{"href":"https:\/\/www.sodf.org.br\/wordpress\/wp-json\/wp\/v2\/media?parent=4011"}],"wp:term":[{"taxonomy":"category","embeddable":true,"href":"https:\/\/www.sodf.org.br\/wordpress\/wp-json\/wp\/v2\/categories?post=4011"},{"taxonomy":"post_tag","embeddable":true,"href":"https:\/\/www.sodf.org.br\/wordpress\/wp-json\/wp\/v2\/tags?post=4011"}],"curies":[{"name":"wp","href":"https:\/\/api.w.org\/{rel}","templated":true}]}}