{"id":4008,"date":"2021-05-30T18:17:44","date_gmt":"2021-05-30T21:17:44","guid":{"rendered":"http:\/\/www.sodf.org.br\/wordpress\/?p=4008"},"modified":"2021-05-30T18:17:44","modified_gmt":"2021-05-30T21:17:44","slug":"taxa-de-ocupacao-de-leitos-publicos-para-covid-chega-a-8279-no-df","status":"publish","type":"post","link":"https:\/\/www.sodf.org.br\/wordpress\/taxa-de-ocupacao-de-leitos-publicos-para-covid-chega-a-8279-no-df\/","title":{"rendered":"Taxa de ocupa\u00e7\u00e3o de leitos p\u00fablicos para Covid chega a 82,79% no DF"},"content":{"rendered":"<p>A taxa de ocupa\u00e7\u00e3o de leitos p\u00fablicos para tratamento de\u00a0<a href=\"https:\/\/www.metropoles.com\/tag\/covid-19?amp\" target=\"_blank\" rel=\"amphtml noopener\">Covid-19<\/a>\u00a0chegou a 82,79% no Distrito Federal, neste domingo (30\/5). O \u00edndice foi divulgado pelo\u00a0<a href=\"http:\/\/info.saude.df.gov.br\/area-tecnica\/\" target=\"_blank\" rel=\"noopener\">Portal InfoSa\u00fade<\/a>, abastecido pela\u00a0<a href=\"http:\/\/www.saude.df.gov.br\/\" target=\"_blank\" rel=\"noopener\">Secretaria de Sa\u00fade do DF<\/a>. A rede p\u00fablica conta com leitos de\u00a0<a href=\"https:\/\/www.metropoles.com\/tag\/uti?amp\" target=\"_blank\" rel=\"amphtml noopener\">unidade de terapia intensiva (UTI)<\/a> e de unidade de cuidados intermedi\u00e1rios (UCI). Entre os 22 hospitais da rede, de campanha e contratados, nove est\u00e3o com 100% de lota\u00e7\u00e3o. Segundo o portal, \u00e0s 12h deste domingo (30\/5), 94 pacientes est\u00e3o na lista de espera por leitos de UTI. Do total, 11 est\u00e3o com diagn\u00f3stico ou suspeita de infec\u00e7\u00e3o por Covid-19.<\/p>\n<p>At\u00e9 s\u00e1bado (29\/5), o DF tinha registrado 404.190 casos de Covid, sendo que 8.621 pessoas n\u00e3o sobreviveram. Por outro lado, 387.274 est\u00e3o recuperados. Os demais est\u00e3o em tratamento.<\/p>\n<p>Vacina\u00e7\u00e3o<\/p>\n<p>O Distrito Federal<a href=\"https:\/\/www.metropoles.com\/distrito-federal\/veja-locais-de-vacinacao-contra-a-covid-19-neste-domingo-30-5-no-df?amp\" target=\"_blank\" rel=\"amphtml noopener\">\u00a0tem seis postos de vacina\u00e7\u00e3o drive-thru<\/a>\u00a0contra a Covid-19 abertos neste domingo. Os locais funcionam at\u00e9 \u00e0s 17h.<\/p>\n<p>A doses s\u00e3o aplicadas para o p\u00fablico de 60 anos ou mais, pessoas com comorbidades a partir dos 25 anos que fizeram agendamento, pessoas com defici\u00eancia permanente, gestantes e pu\u00e9rperas.<\/p>\n<p>Seguindo orienta\u00e7\u00e3o do Minist\u00e9rio da Sa\u00fade, o Governo do Distrito Federal (GDF) vai elaborar um cronograma para ampliar a<a href=\"https:\/\/www.metropoles.com\/distrito-federal\/gdf-elabora-cronograma-para-vacinar-publico-geral-contra-a-covid?amp\" target=\"_blank\" rel=\"amphtml noopener\">\u00a0vacina\u00e7\u00e3o para p\u00fablicos abaixo dos 60 anos sem comorbidades<\/a>.<\/p>\n<div class=\"amp-pub\"><\/div>\n","protected":false},"excerpt":{"rendered":"<p>A taxa de ocupa\u00e7\u00e3o de leitos p\u00fablicos para tratamento de\u00a0Covid-19\u00a0chegou a 82,79% no Distrito Federal, neste domingo (30\/5). O \u00edndice foi divulgado pelo\u00a0Portal InfoSa\u00fade, abastecido pela\u00a0Secretaria de Sa\u00fade do DF. A rede p\u00fablica conta com leitos de\u00a0unidade de terapia intensiva (UTI) e de unidade de cuidados intermedi\u00e1rios (UCI). Entre os 22 hospitais da rede, de [&hellip;]<\/p>\n","protected":false},"author":4,"featured_media":4009,"comment_status":"open","ping_status":"open","sticky":false,"template":"","format":"standard","meta":{"footnotes":""},"categories":[4],"tags":[],"class_list":["post-4008","post","type-post","status-publish","format-standard","has-post-thumbnail","hentry","category-noticias"],"post_mailing_queue_ids":[],"_links":{"self":[{"href":"https:\/\/www.sodf.org.br\/wordpress\/wp-json\/wp\/v2\/posts\/4008","targetHints":{"allow":["GET"]}}],"collection":[{"href":"https:\/\/www.sodf.org.br\/wordpress\/wp-json\/wp\/v2\/posts"}],"about":[{"href":"https:\/\/www.sodf.org.br\/wordpress\/wp-json\/wp\/v2\/types\/post"}],"author":[{"embeddable":true,"href":"https:\/\/www.sodf.org.br\/wordpress\/wp-json\/wp\/v2\/users\/4"}],"replies":[{"embeddable":true,"href":"https:\/\/www.sodf.org.br\/wordpress\/wp-json\/wp\/v2\/comments?post=4008"}],"version-history":[{"count":1,"href":"https:\/\/www.sodf.org.br\/wordpress\/wp-json\/wp\/v2\/posts\/4008\/revisions"}],"predecessor-version":[{"id":4010,"href":"https:\/\/www.sodf.org.br\/wordpress\/wp-json\/wp\/v2\/posts\/4008\/revisions\/4010"}],"wp:featuredmedia":[{"embeddable":true,"href":"https:\/\/www.sodf.org.br\/wordpress\/wp-json\/wp\/v2\/media\/4009"}],"wp:attachment":[{"href":"https:\/\/www.sodf.org.br\/wordpress\/wp-json\/wp\/v2\/media?parent=4008"}],"wp:term":[{"taxonomy":"category","embeddable":true,"href":"https:\/\/www.sodf.org.br\/wordpress\/wp-json\/wp\/v2\/categories?post=4008"},{"taxonomy":"post_tag","embeddable":true,"href":"https:\/\/www.sodf.org.br\/wordpress\/wp-json\/wp\/v2\/tags?post=4008"}],"curies":[{"name":"wp","href":"https:\/\/api.w.org\/{rel}","templated":true}]}}