{"id":4005,"date":"2021-05-28T08:14:09","date_gmt":"2021-05-28T11:14:09","guid":{"rendered":"http:\/\/www.sodf.org.br\/wordpress\/?p=4005"},"modified":"2021-05-28T08:14:09","modified_gmt":"2021-05-28T11:14:09","slug":"saude-paga-tpd-para-5-mil-servidores-do-df-nesta-quinta-feira-27-5","status":"publish","type":"post","link":"https:\/\/www.sodf.org.br\/wordpress\/saude-paga-tpd-para-5-mil-servidores-do-df-nesta-quinta-feira-27-5\/","title":{"rendered":"Sa\u00fade paga TPD para 5 mil servidores do DF nesta quinta-feira (27\/5)"},"content":{"rendered":"<p>Os servidores p\u00fablicos da\u00a0<a href=\"http:\/\/www.saude.df.gov.br\/\" target=\"_blank\" rel=\"noopener\">Secretaria de Sa\u00fade<\/a>\u00a0receber\u00e3o nova parcela do\u00a0<a href=\"https:\/\/www.metropoles.com\/tag\/tpd?amp\" target=\"_blank\" rel=\"amphtml noopener\">Trabalho por Per\u00edodo Definido (TPD)<\/a>, nesta quinta-feira (27\/5). Segundo a pasta, ser\u00e3o distribu\u00eddos R$ 9.303.872,44 entre 5.244 profissionais. O pagamento \u00e9 referente ao m\u00eas mar\u00e7o. \u201cA melhor forma de reconhecer e valorizar o maior patrim\u00f4nio da\u00a0<a href=\"https:\/\/www.metropoles.com\/distrito-federal\/saude-df?amp\" target=\"_blank\" rel=\"amphtml noopener\">secretaria<\/a>, que s\u00e3o os seus servidores, \u00e9 fazer o pagamento como determina a lei, ou seja, dentro do prazo previsto\u201d, afirma a subsecret\u00e1ria de Gest\u00e3o de Pessoas,\u00a0 Silene Almeida. O TPD \u00e9 um recurso utilizado para suprir o d\u00e9ficit de\u00a0<a href=\"https:\/\/www.metropoles.com\/colunas\/janela-indiscreta\/df-4-006-servidores-da-saude-nao-quiseram-tomar-vacina-contra-covid-19?amp\" target=\"_blank\" rel=\"amphtml noopener\">servidores<\/a> e garantir a assist\u00eancia nas unidades da rede p\u00fablica. Os profissionais fazem escalas em dias ou hor\u00e1rios fora do seu plant\u00e3o, seja para substituir a falta de servidores, seja para refor\u00e7ar as equipes diante de alguma necessidade. Segundo a\u00a0<a href=\"https:\/\/www.metropoles.com\/tag\/secretaria-de-saude-do-df\/page\/2?amp\" target=\"_blank\" rel=\"amphtml noopener\">pasta<\/a>, havia atraso no dep\u00f3sito dos valores de horas extras realizadas at\u00e9 junho de 2018. A partir de ent\u00e3o, os pagamentos foram transformados em TPD. A secretaria afirma que os pagamentos est\u00e3o regularizados e em dia. (<em>Com informa\u00e7\u00f5es da Secretaria de Sa\u00fade<\/em>)<\/p>\n","protected":false},"excerpt":{"rendered":"<p>Os servidores p\u00fablicos da\u00a0Secretaria de Sa\u00fade\u00a0receber\u00e3o nova parcela do\u00a0Trabalho por Per\u00edodo Definido (TPD), nesta quinta-feira (27\/5). Segundo a pasta, ser\u00e3o distribu\u00eddos R$ 9.303.872,44 entre 5.244 profissionais. O pagamento \u00e9 referente ao m\u00eas mar\u00e7o. \u201cA melhor forma de reconhecer e valorizar o maior patrim\u00f4nio da\u00a0secretaria, que s\u00e3o os seus servidores, \u00e9 fazer o pagamento como determina [&hellip;]<\/p>\n","protected":false},"author":4,"featured_media":4006,"comment_status":"open","ping_status":"open","sticky":false,"template":"","format":"standard","meta":{"footnotes":""},"categories":[4],"tags":[],"class_list":["post-4005","post","type-post","status-publish","format-standard","has-post-thumbnail","hentry","category-noticias"],"post_mailing_queue_ids":[],"_links":{"self":[{"href":"https:\/\/www.sodf.org.br\/wordpress\/wp-json\/wp\/v2\/posts\/4005","targetHints":{"allow":["GET"]}}],"collection":[{"href":"https:\/\/www.sodf.org.br\/wordpress\/wp-json\/wp\/v2\/posts"}],"about":[{"href":"https:\/\/www.sodf.org.br\/wordpress\/wp-json\/wp\/v2\/types\/post"}],"author":[{"embeddable":true,"href":"https:\/\/www.sodf.org.br\/wordpress\/wp-json\/wp\/v2\/users\/4"}],"replies":[{"embeddable":true,"href":"https:\/\/www.sodf.org.br\/wordpress\/wp-json\/wp\/v2\/comments?post=4005"}],"version-history":[{"count":1,"href":"https:\/\/www.sodf.org.br\/wordpress\/wp-json\/wp\/v2\/posts\/4005\/revisions"}],"predecessor-version":[{"id":4007,"href":"https:\/\/www.sodf.org.br\/wordpress\/wp-json\/wp\/v2\/posts\/4005\/revisions\/4007"}],"wp:featuredmedia":[{"embeddable":true,"href":"https:\/\/www.sodf.org.br\/wordpress\/wp-json\/wp\/v2\/media\/4006"}],"wp:attachment":[{"href":"https:\/\/www.sodf.org.br\/wordpress\/wp-json\/wp\/v2\/media?parent=4005"}],"wp:term":[{"taxonomy":"category","embeddable":true,"href":"https:\/\/www.sodf.org.br\/wordpress\/wp-json\/wp\/v2\/categories?post=4005"},{"taxonomy":"post_tag","embeddable":true,"href":"https:\/\/www.sodf.org.br\/wordpress\/wp-json\/wp\/v2\/tags?post=4005"}],"curies":[{"name":"wp","href":"https:\/\/api.w.org\/{rel}","templated":true}]}}