{"id":3999,"date":"2021-05-28T08:10:15","date_gmt":"2021-05-28T11:10:15","guid":{"rendered":"http:\/\/www.sodf.org.br\/wordpress\/?p=3999"},"modified":"2021-05-28T08:10:15","modified_gmt":"2021-05-28T11:10:15","slug":"postos-de-vacinacao-vazios-alertam-gdf-doses-serao-remanejadas","status":"publish","type":"post","link":"https:\/\/www.sodf.org.br\/wordpress\/postos-de-vacinacao-vazios-alertam-gdf-doses-serao-remanejadas\/","title":{"rendered":"Postos de vacina\u00e7\u00e3o vazios alertam GDF; doses ser\u00e3o remanejadas"},"content":{"rendered":"<p>A baixa procura por vacinas contra a\u00a0<a href=\"https:\/\/www.metropoles.com\/tag\/covid-19?amp\" target=\"_blank\" rel=\"amphtml noopener\">Covid-19<\/a> nos postos e a press\u00e3o para a abertura de novas faixas et\u00e1rias acenderam o sinal de alerta no Governo do Distrito Federal. Locais de imuniza\u00e7\u00e3o em Taguatinga, Lago Sul, Lago Norte, Ceil\u00e2ndia, N\u00facleo Bandeirante, Itapo\u00e3 e Guar\u00e1 est\u00e3o ficando vazios a maior parte do tempo. O secret\u00e1rio chefe da Casa Civil, Gustavo Rocha, avisa que nenhuma dose ser\u00e1 perdida. E manda um recado para quem pode e ainda n\u00e3o vacinou: \u201cCaso as pessoas deixem de comparecer para a vacina\u00e7\u00e3o, sem justificativa, essas doses ser\u00e3o remanejadas\u201d. \u201cEstamos insistindo na conscientiza\u00e7\u00e3o das pessoas sobre a import\u00e2ncia da vacina\u00e7\u00e3o. Encontramos em v\u00e1rios grupos priorit\u00e1rios n\u00famero consider\u00e1vel de pessoas, inclusive profissionais de sa\u00fade e da educa\u00e7\u00e3o que, mesmo podendo, n\u00e3o buscam a imuniza\u00e7\u00e3o. Todos aqueles que j\u00e1 podem vacinar devem buscar a correta imuniza\u00e7\u00e3o. Apenas assim vamos avan\u00e7ar no combate \u00e0 pandemia\u201d, disse o secret\u00e1rio ao\u00a0<strong>Metr\u00f3poles<\/strong>. No grupo por faixa et\u00e1ria, a maior resist\u00eancia \u00e0 vacina est\u00e1 nas pessoas de 60 a 64 anos. Segundo os \u00faltimos dados disponibilizados pela\u00a0<a href=\"http:\/\/www.saude.df.gov.br\/\" target=\"_blank\" rel=\"noopener\">Secretaria de Sa\u00fade<\/a>, referentes a at\u00e9 23 de maio, 75,9% iniciaram o esquema vacinal, ou seja, receberam a 1\u00aa dose. O grupo de comorbidades registra 61.446 vacinados (D1), o que corresponde a 28% de cobertura vacinal.<\/p>\n<p>Al\u00e9m das medidas de reorganiza\u00e7\u00e3o na destina\u00e7\u00e3o das doses, o GDF prepara uma campanha, com o slogan A pandemia n\u00e3o acabou, para estimular e conscientizar a popula\u00e7\u00e3o sobre a necessidade de vacinar.<\/p>\n<h6><strong>Doses em estoque<\/strong><\/h6>\n<p>Segundo o GDF, at\u00e9 a noite dessa quinta-feira (27\/5), o Distrito Federal recebeu 1.238.060 doses de vacinas. Foram imunizadas com a primeira dose 615.051 pessoas e 315.769 com a segunda aplica\u00e7\u00e3o. Isso significa que 307.240 doses estariam dispon\u00edveis para aplica\u00e7\u00e3o, sem considerar as eventuais perdas, que podem chegar a 10% do total de doses.<\/p>\n<p>Das doses dispon\u00edveis, 214.448 est\u00e3o guardadas na rede de frios da Secretaria de Sa\u00fade. Outras, cujo controle n\u00e3o \u00e9 digitalizado diariamente, ficam nos postos fixos de vacina\u00e7\u00e3o (UBS) por um per\u00edodo de at\u00e9 48 horas. \u00c9 importante destacar que o DF sempre n\u00e3o utilizou estoque da segunda dose quando faltou imunizante para a a primeira aplica\u00e7\u00e3o.<\/p>\n<h6><strong>Escolha de vacina<\/strong><\/h6>\n<p>Na reuni\u00e3o da Comiss\u00e3o Especial da Vacina da C\u00e2mara Legislativa nessa quinta, representando a Secretaria de Sa\u00fade, Renata Brand\u00e3o, gerente de Vigil\u00e2ncia das Doen\u00e7as Imunopreven\u00edveis e de Transmiss\u00e3o H\u00eddrica e Alimentar, disse que os brasilienses est\u00e3o escolhendo vacinas: \u201cTemos percebido que as pessoas agendam e quando chegam ao posto ou sabem que naquele posto s\u00f3 tem AstraZeneca se recusam a tomar\u201d.<\/p>\n<blockquote><p>Ela alerta que no caso dos agendamentos, a pessoa que n\u00e3o comparecer na data marcada tem at\u00e9 10 dias para vacinar. Caso perca o prazo, sem justificativas, vai para o fim da fila. \u201cA\u00ed vai ter que esperar. E a gente n\u00e3o sabe quando chega novas doses\u201d, ressaltou.<\/p><\/blockquote>\n<p>A Ag\u00eancia Nacional de Vigil\u00e2ncia Sanit\u00e1ria (Anvisa), a Ag\u00eancia Europeia de Medicamentos (EMA) e a Organiza\u00e7\u00e3o Mundial da Sa\u00fade (OMS) v\u00eam garantindo que a f\u00f3rmula da AstraZeneca \u00e9 segura e o evento adverso \u2013 forma\u00e7\u00e3o de co\u00e1gulos, bastante raro. At\u00e9 aqui, a taxa \u00e9 de um caso relatado a cada 1 milh\u00e3o de doses da vacina contra Covid-19 aplicadas. Al\u00e9m disso,\u00a0<a href=\"https:\/\/www.metropoles.com\/saude\/coagulo-pos-vacina-pode-estar-ligado-a-reacao-imunologica-diz-estudo?amp\" target=\"_blank\" rel=\"amphtml noopener\">os co\u00e1gulos<\/a>\u00a0nem sempre s\u00e3o fatais e podem ser solucionados com tratamento.<\/p>\n<p>Outro argumento usado para dirimir eventuais inseguran\u00e7as \u00e9 que o risco de ser contaminado pelo coronav\u00edrus e falecer em decorr\u00eancia da Covid-19 \u00e9 bem maior do que o de morrer por causa de um co\u00e1gulo. De acordo com uma\u00a0<a href=\"https:\/\/www.metropoles.com\/saude\/risco-de-coagulo-depois-da-covid-e-ate-10-vezes-maior-que-apos-vacina?amp\" target=\"_blank\" rel=\"amphtml noopener\">pesquisa feita pela Universidade de Oxford,<\/a>\u00a0no Reino Unido, a chance de apresentar um co\u00e1gulo sangu\u00edneo que cause trombose venosa cerebral (TVC) \u00e9 de oito a 10 vezes maior depois de ter Covid-19 do que ap\u00f3s tomar vacina.<\/p>\n<h6><strong>Servidores<\/strong><\/h6>\n<p>S<a href=\"https:\/\/www.metropoles.com\/colunas\/janela-indiscreta\/df-4-006-servidores-da-saude-nao-quiseram-tomar-vacina-contra-covid-19?amp\" target=\"_blank\" rel=\"amphtml noopener\">egundo o secret\u00e1rio de Sa\u00fade, Osnei Okumoto, 4.006 servidores da pasta optaram por n\u00e3o receber, at\u00e9 agora, a primeira dose da vacina<\/a>\u00a0contra a\u00a0<a href=\"https:\/\/www.metropoles.com\/tag\/covid-19?amp\" target=\"_blank\" rel=\"amphtml noopener\">Covid-19<\/a>. De acordo com ele, dos 32.578 servidores da rede p\u00fablica de Sa\u00fade do DF que deveriam ser imunizados, 28.572 tomaram a primeira dose e 26.034, a segunda.<\/p>\n<p>Pelo menos 22% do p\u00fablico-alvo dos profissionais da\u00a0<a href=\"https:\/\/www.metropoles.com\/tag\/educacao?amp\" target=\"_blank\" rel=\"amphtml noopener\">Educa\u00e7\u00e3o<\/a>\u00a0que j\u00e1 podia vacinar tamb\u00e9m n\u00e3o apareceu para tomar a primeira dose do imunizante.<\/p>\n<blockquote><p>Okumoto refor\u00e7a a possibilidade de direcionar doses rejeitadas para o p\u00fablico que queira ser imunizado. \u201cA gente nunca vai perder dose no Distrito Federal por vencimento. A gente vai utilizar as doses que n\u00f3s tivemos em m\u00e3os. Temos a responsabilidade de fazer o gerenciamento dessas doses e vamos faz\u00ea-los dessa forma, sem perder\u201d, completou.<\/p><\/blockquote>\n<p>Segundo o secret\u00e1rio de Sa\u00fade, o GDF n\u00e3o prev\u00ea qualquer tipo de penalidade para o servidor p\u00fablico que se recusar a tomar a vacina. \u201c\u00c9 a escolha desses funcion\u00e1rios, \u00e9 autonomia que o SUS sempre proporciona para todas as pessoas que necessitam dele. Ent\u00e3o, um dos dos requisitos b\u00e1sicos da sa\u00fade \u00e9 a autonomia do paciente, para que ele possa escolher qual \u00e9 o tipo de tratamento que ele vai ter ou n\u00e3o. No caso da vacina\u00e7\u00e3o, tamb\u00e9m\u201d, disse.<\/p>\n<p>A Secretaria de Sa\u00fade afirmou que visa priorizar os grupos mais expostos e de maior risco a infec\u00e7\u00e3o pelo novo coronav\u00edrus, isso de acordo com os crit\u00e9rios e orienta\u00e7\u00f5es do Programa Nacional de Imuniza\u00e7\u00f5es (PNI-MS). \u201cContudo, a pasta entende que a vacina\u00e7\u00e3o n\u00e3o \u00e9 obrigat\u00f3ria, n\u00e3o cabendo \u00e0 secretaria medidas al\u00e9m da disponibiliza\u00e7\u00e3o dos imunizantes e da convoca\u00e7\u00e3o constante dos grupos contemplados\u201d.<\/p>\n<h6><strong>Outras faixas et\u00e1rias<\/strong><\/h6>\n<p><a href=\"https:\/\/www.metropoles.com\/distrito-federal\/covid-19-gdf-avalia-avancar-na-vacinacao-para-outras-faixas-etarias?amp\" target=\"_blank\" rel=\"amphtml noopener\">E o remanejamento de doses para outras faixas et\u00e1rias abaixo dos 60 anos ficou mais f\u00e1cil<\/a>.\u00a0<a href=\"https:\/\/www.metropoles.com\/brasil\/cidades-com-baixa-demanda-podem-vacinar-contra-covid-por-idade?amp\" target=\"_blank\" rel=\"amphtml noopener\">A libera\u00e7\u00e3o foi aprovada nessa quinta, na Comiss\u00e3o Intergestores Tripartite (CIT), composta por gestores municipais, estaduais e federais<\/a>. No entanto, isso s\u00f3 poder\u00e1 ser feito quando munic\u00edpios tiverem queda na procura pela\u00a0<a href=\"https:\/\/www.metropoles.com\/tag\/vacinacao?amp\" target=\"_blank\" rel=\"amphtml noopener\">imuniza\u00e7\u00e3o<\/a>\u00a0e garantia de vacinas para os demais grupos priorit\u00e1rios.<\/p>\n<p>Al\u00e9m disso, foi decidido que, paralelamente, o grupo de trabalhadores da Educa\u00e7\u00e3o ter\u00e1 um percentual definido a cada remessa de vacina.<\/p>\n<blockquote><p>O Distrito Federal vai aguardar orienta\u00e7\u00e3o oficial do Minist\u00e9rio da Sa\u00fade para iniciar a vacina\u00e7\u00e3o contra a\u00a0<a href=\"https:\/\/www.metropoles.com\/tag\/covid-19?amp\" target=\"_blank\" rel=\"amphtml noopener\">Covid-19<\/a>\u00a0por faixa et\u00e1ria, em ordem decrescente. \u201cPara essas doses que temos em estoque, n\u00e3o vamos adotar essa medida. Vamos seguir a recomenda\u00e7\u00e3o nas pr\u00f3ximas remessas\u201d, disse o secret\u00e1rio de Sa\u00fade, Osnei Okumoto.<\/p><\/blockquote>\n<p>A vacina\u00e7\u00e3o pela idade foi interrompida no DF e s\u00f3 est\u00e1 liberada para pessoas com 60 anos ou mais e grupos priorit\u00e1rios.<\/p>\n","protected":false},"excerpt":{"rendered":"<p>A baixa procura por vacinas contra a\u00a0Covid-19 nos postos e a press\u00e3o para a abertura de novas faixas et\u00e1rias acenderam o sinal de alerta no Governo do Distrito Federal. Locais de imuniza\u00e7\u00e3o em Taguatinga, Lago Sul, Lago Norte, Ceil\u00e2ndia, N\u00facleo Bandeirante, Itapo\u00e3 e Guar\u00e1 est\u00e3o ficando vazios a maior parte do tempo. O secret\u00e1rio chefe [&hellip;]<\/p>\n","protected":false},"author":4,"featured_media":4000,"comment_status":"open","ping_status":"open","sticky":false,"template":"","format":"standard","meta":{"footnotes":""},"categories":[4],"tags":[],"class_list":["post-3999","post","type-post","status-publish","format-standard","has-post-thumbnail","hentry","category-noticias"],"post_mailing_queue_ids":[],"_links":{"self":[{"href":"https:\/\/www.sodf.org.br\/wordpress\/wp-json\/wp\/v2\/posts\/3999","targetHints":{"allow":["GET"]}}],"collection":[{"href":"https:\/\/www.sodf.org.br\/wordpress\/wp-json\/wp\/v2\/posts"}],"about":[{"href":"https:\/\/www.sodf.org.br\/wordpress\/wp-json\/wp\/v2\/types\/post"}],"author":[{"embeddable":true,"href":"https:\/\/www.sodf.org.br\/wordpress\/wp-json\/wp\/v2\/users\/4"}],"replies":[{"embeddable":true,"href":"https:\/\/www.sodf.org.br\/wordpress\/wp-json\/wp\/v2\/comments?post=3999"}],"version-history":[{"count":1,"href":"https:\/\/www.sodf.org.br\/wordpress\/wp-json\/wp\/v2\/posts\/3999\/revisions"}],"predecessor-version":[{"id":4001,"href":"https:\/\/www.sodf.org.br\/wordpress\/wp-json\/wp\/v2\/posts\/3999\/revisions\/4001"}],"wp:featuredmedia":[{"embeddable":true,"href":"https:\/\/www.sodf.org.br\/wordpress\/wp-json\/wp\/v2\/media\/4000"}],"wp:attachment":[{"href":"https:\/\/www.sodf.org.br\/wordpress\/wp-json\/wp\/v2\/media?parent=3999"}],"wp:term":[{"taxonomy":"category","embeddable":true,"href":"https:\/\/www.sodf.org.br\/wordpress\/wp-json\/wp\/v2\/categories?post=3999"},{"taxonomy":"post_tag","embeddable":true,"href":"https:\/\/www.sodf.org.br\/wordpress\/wp-json\/wp\/v2\/tags?post=3999"}],"curies":[{"name":"wp","href":"https:\/\/api.w.org\/{rel}","templated":true}]}}