{"id":3810,"date":"2021-05-06T08:32:47","date_gmt":"2021-05-06T11:32:47","guid":{"rendered":"http:\/\/www.sodf.org.br\/wordpress\/?p=3810"},"modified":"2021-05-06T08:32:47","modified_gmt":"2021-05-06T11:32:47","slug":"covid-19-gestantes-apontam-problemas-no-cadastro-para-vacinacao-no-df","status":"publish","type":"post","link":"https:\/\/www.sodf.org.br\/wordpress\/covid-19-gestantes-apontam-problemas-no-cadastro-para-vacinacao-no-df\/","title":{"rendered":"Covid-19: gestantes apontam problemas no cadastro para vacina\u00e7\u00e3o no DF"},"content":{"rendered":"<p>Secretaria de Sa\u00fade informou estar analisando as queixas e dar\u00e1 retorno \u00e0s gr\u00e1vidas que est\u00e3o encontrando dificuldades Dentro do grupo priorit\u00e1rio a ser imunizado contra o\u00a0<a href=\"https:\/\/www.metropoles.com\/tag\/coronavirus?amp\" rel=\"amphtml\">novo coronav\u00edrus<\/a>\u00a0no Distrito Federal,\u00a0<a href=\"https:\/\/www.metropoles.com\/distrito-federal\/comeca-nesta-4a-o-agendamento-da-vacina-para-pessoas-de-55-a-59-anos-com-comorbidades?amp\" rel=\"amphtml\">gestantes com comorbidades<\/a>\u00a0est\u00e3o encontrando dificuldades em realizar o cadastro no site disponibilizado pela Secret\u00e1ria de Sa\u00fade (SES-DF), o\u00a0<a href=\"http:\/\/vacina.saude.df.gov.br\/\" target=\"_blank\" rel=\"noopener noreferrer\">vacina.saude.df.gov.br.<\/a><\/p>\n<p>O\u00a0<strong>Metr\u00f3poles<\/strong> recebeu alguns relatos de pessoas que afirmam n\u00e3o conseguirem realizar o agendamento por conta de um erro ao completar o cadastro. \u00c9 caso de Paula Virg\u00ednia Freitas de Morais, 39 anos, diab\u00e9tica e gr\u00e1vida. \u201cNa hora de fazer o cadastro, marquei como diab\u00e9tica, pois n\u00e3o achei a op\u00e7\u00e3o de gestante. Finalizei o cadastro sem a informa\u00e7\u00e3o da gesta\u00e7\u00e3o. Depois, conversando com alguns amigos, fui informada que tinha a op\u00e7\u00e3o de gestante com comorbidade\u201d, conta. Foi ent\u00e3o que come\u00e7ou a saga para tentar corrigir o cadastro e ser vacinada. \u201cJ\u00e1 abri manifesta\u00e7\u00e3o na ouvidoria, fui nas unidades b\u00e1sicas de sa\u00fade e n\u00e3o consigo resolver\u201d, declara . \u201cEles ficam dando informa\u00e7\u00e3o errada, falaram que quando come\u00e7asse o agendamento eu conseguiria corrigir, mas n\u00e3o consigo\u201d, aponta.<\/p>\n<p>Em busca de uma solu\u00e7\u00e3o, Paula procurou por tr\u00eas unidades de sa\u00fade. \u201cMe disseram que n\u00e3o podem fazer nada. J\u00e1 ao procurar pela Subsecretaria de Planejamento em Sa\u00fade (Suplan), foi informada mais uma vez de que n\u00e3o teria como corrigir. \u201cJ\u00e1 liguei e ningu\u00e9m me atende. Um fica jogando para o outro, com um monte de informa\u00e7\u00e3o errada. N\u00e3o sei mais o que fazer\u201d, revela.<\/p>\n<h5>Orienta\u00e7\u00e3o da Sa\u00fade<\/h5>\n<div class=\"amp-pub\">\n<p>A reportagem acionou a Secretaria de Sa\u00fade, que esclareceu estar analisando cada queixa nesse sentido. \u201cCasos de preenchimento de cadastro com erro no sistema (http:\/\/vacina.saude.df.gov.br\/) e devidamente informados via Ouvidoria da SES-DF est\u00e3o em an\u00e1lise para posterior retorno, desde que todos os dados do usu\u00e1rio sejam informados, incluindo nome completo, CPF, data de nascimento, o tipo de erro cometido e um e-mail v\u00e1lido\u201d, informou a pasta.<\/p>\n<h5>Agendamento<\/h5>\n<p>A partir das 12h desta quarta-feira (5\/5), a\u00a0<a href=\"http:\/\/www.saude.df.gov.br\/\" target=\"_blank\" rel=\"noopener noreferrer\">Secretaria de Sa\u00fade do Distrito Federal<\/a>\u00a0abriu mais 60 mil vagas para agendamento da imuniza\u00e7\u00e3o contra a Covid-19 de indiv\u00edduos com comorbidades. Esta etapa contempla pessoas de 55 a 59 anos. De acordo com a secretaria, a imuniza\u00e7\u00e3o ocorrer\u00e1 nas seguintes datas:<\/p>\n<ul>\n<li>7 e 8 de maio: pessoas com 59 anos com comorbidades;<\/li>\n<li>10 e 11 de maio: pessoas com 58 anos com comorbidades;<\/li>\n<li>12 e 13 de maio: pessoas com 57 anos com comorbidades;<\/li>\n<li>14 e 15 de maio: pessoas com 56 anos com comorbidades;<\/li>\n<li>16 e 17 de maio: pessoas com 55 anos com comorbidades.<\/li>\n<li><strong>Confira a lista de comorbidades:<\/strong>\n<p><img decoding=\"async\" class=\"i-amphtml-fill-content i-amphtml-replaced-content\" src=\"https:\/\/uploads.metropoles.com\/wp-content\/uploads\/2021\/05\/05102239\/Comorbidades-3.jpg\" sizes=\"(max-width: 1360px) 1313px, 100vw\" srcset=\"https:\/\/uploads.metropoles.com\/wp-content\/uploads\/2021\/05\/05102239\/Comorbidades-3.jpg 1024w, https:\/\/uploads.metropoles.com\/wp-content\/uploads\/2021\/05\/05102239\/Comorbidades-3-300x225.jpg 300w\" alt=\"\" data-description=\"Divulga\u00e7\u00e3o\/SES-DF\" \/><\/p>\n<p>Continua tamb\u00e9m o agendamento para preenchimento das 10 mil vagas, que foram abertas na \u00faltima segunda-feira (3\/5), para pessoas com s\u00edndrome de Down (18 a 59 anos), imunossuprimidos (18 a 59 anos) gestantes e\u00a0<a href=\"https:\/\/www.metropoles.com\/distrito-federal\/saude-do-df-confirma-puerperas-em-1o-grupo-de-comorbidades-da-vacinacao-contra-covid?amp\" target=\"_blank\" rel=\"noopener noreferrer amphtml\">pu\u00e9rperas com comorbidades<\/a>\u00a0(18 a 59 anos), pessoas com defici\u00eancia inscritas no BPC (18 a 59 anos) e em terapia renal substitutiva (18 a 59 anos). At\u00e9 o momento, foram preenchidas 8.621 vagas para esse grupo.<\/li>\n<\/ul>\n<\/div>\n","protected":false},"excerpt":{"rendered":"<p>Secretaria de Sa\u00fade informou estar analisando as queixas e dar\u00e1 retorno \u00e0s gr\u00e1vidas que est\u00e3o encontrando dificuldades Dentro do grupo priorit\u00e1rio a ser imunizado contra o\u00a0novo coronav\u00edrus\u00a0no Distrito Federal,\u00a0gestantes com comorbidades\u00a0est\u00e3o encontrando dificuldades em realizar o cadastro no site disponibilizado pela Secret\u00e1ria de Sa\u00fade (SES-DF), o\u00a0vacina.saude.df.gov.br. O\u00a0Metr\u00f3poles recebeu alguns relatos de pessoas que afirmam n\u00e3o [&hellip;]<\/p>\n","protected":false},"author":4,"featured_media":3811,"comment_status":"open","ping_status":"open","sticky":false,"template":"","format":"standard","meta":{"footnotes":""},"categories":[4],"tags":[],"class_list":["post-3810","post","type-post","status-publish","format-standard","has-post-thumbnail","hentry","category-noticias"],"post_mailing_queue_ids":[],"_links":{"self":[{"href":"https:\/\/www.sodf.org.br\/wordpress\/wp-json\/wp\/v2\/posts\/3810","targetHints":{"allow":["GET"]}}],"collection":[{"href":"https:\/\/www.sodf.org.br\/wordpress\/wp-json\/wp\/v2\/posts"}],"about":[{"href":"https:\/\/www.sodf.org.br\/wordpress\/wp-json\/wp\/v2\/types\/post"}],"author":[{"embeddable":true,"href":"https:\/\/www.sodf.org.br\/wordpress\/wp-json\/wp\/v2\/users\/4"}],"replies":[{"embeddable":true,"href":"https:\/\/www.sodf.org.br\/wordpress\/wp-json\/wp\/v2\/comments?post=3810"}],"version-history":[{"count":1,"href":"https:\/\/www.sodf.org.br\/wordpress\/wp-json\/wp\/v2\/posts\/3810\/revisions"}],"predecessor-version":[{"id":3812,"href":"https:\/\/www.sodf.org.br\/wordpress\/wp-json\/wp\/v2\/posts\/3810\/revisions\/3812"}],"wp:featuredmedia":[{"embeddable":true,"href":"https:\/\/www.sodf.org.br\/wordpress\/wp-json\/wp\/v2\/media\/3811"}],"wp:attachment":[{"href":"https:\/\/www.sodf.org.br\/wordpress\/wp-json\/wp\/v2\/media?parent=3810"}],"wp:term":[{"taxonomy":"category","embeddable":true,"href":"https:\/\/www.sodf.org.br\/wordpress\/wp-json\/wp\/v2\/categories?post=3810"},{"taxonomy":"post_tag","embeddable":true,"href":"https:\/\/www.sodf.org.br\/wordpress\/wp-json\/wp\/v2\/tags?post=3810"}],"curies":[{"name":"wp","href":"https:\/\/api.w.org\/{rel}","templated":true}]}}