{"id":3807,"date":"2021-05-06T08:30:40","date_gmt":"2021-05-06T11:30:40","guid":{"rendered":"http:\/\/www.sodf.org.br\/wordpress\/?p=3807"},"modified":"2021-05-06T08:30:40","modified_gmt":"2021-05-06T11:30:40","slug":"no-df-29-mil-marcam-vacina-em-1o-dia-de-agenda-a-grupo-de-comorbidade","status":"publish","type":"post","link":"https:\/\/www.sodf.org.br\/wordpress\/no-df-29-mil-marcam-vacina-em-1o-dia-de-agenda-a-grupo-de-comorbidade\/","title":{"rendered":"No DF, 29 mil marcam vacina em 1\u00ba dia de agenda a grupo de comorbidade"},"content":{"rendered":"<p>Marca\u00e7\u00e3o de imuniza\u00e7\u00e3o contra Covid ocorreu das 12h \u00e0s 15h, quando sistema saiu do ar. S\u00e3o 60 mil doses destinadas a este p\u00fablico.<\/p>\n<p>No primeiro dia de agendamento para a vacina\u00e7\u00e3o contra a\u00a0<a href=\"https:\/\/www.metropoles.com\/tag\/covid-19?amp\" rel=\"amphtml\">Covid-19<\/a>\u00a0a pessoas com comorbidades entre 55 e 59 anos, 29 mil vagas foram preenchidas, segundo a Secretaria de Sa\u00fade (<a href=\"http:\/\/www.saude.df.gov.br\/\">SES<\/a>). Ao todo, s\u00e3o\u00a0<a href=\"https:\/\/www.metropoles.com\/distrito-federal\/comeca-nesta-4a-o-agendamento-da-vacina-para-pessoas-de-55-a-59-anos-com-comorbidades?amp\" rel=\"amphtml\">60 mil doses dispon\u00edveis para este p\u00fablico<\/a>. As marca\u00e7\u00f5es ocorreram em um per\u00edodo de tr\u00eas horas, entre 12h e 15h, sendo interrompidas quando o sistema saiu do ar.<\/p>\n<p>Em nota, a SES informa que \u201ca \u00e1rea t\u00e9cnica trabalha para que at\u00e9 o fim do dia [as vagas dispon\u00edveis] sejam novamente inseridas no sistema com a possibilidade de agendamento at\u00e9 o dia 11 de maio\u201d. A pasta informou que o sistema est\u00e1 sendo otimizado de forma peri\u00f3dica, a partir da an\u00e1lise permanente da \u00e1rea t\u00e9cnica. Por isso, em alguns per\u00edodos o site pode ficar fora do ar, enquanto os t\u00e9cnicos da secretaria trabalham para o aperfei\u00e7oamento do processo. Desde que o\u00a0<a href=\"http:\/\/www.df.gov.br\/\">Governo do Distrito Federal (GDF)<\/a>\u00a0iniciou o cadastramento para vacina\u00e7\u00e3o do grupo com comorbidades, na \u00faltima sexta-feira (30\/4), 115 mil pessoas se registraram no sistema.<\/p>\n<p>De acordo com a Secretaria de Sa\u00fade, a imuniza\u00e7\u00e3o ocorrer\u00e1 nas seguintes datas:<\/p>\n<ul>\n<li>7 e 8 de maio: pessoas com 59 anos com comorbidades;<\/li>\n<li>10 e 11 de maio: pessoas com 58 anos com comorbidades;<\/li>\n<li>12 e 13 de maio: pessoas com 57 anos com comorbidades;<\/li>\n<li>14 e 15 de maio: pessoas com 56 anos com comorbidades;<\/li>\n<li>16 e 17 de maio: pessoas com 55 anos com comorbidades.<\/li>\n<li><strong>Confira a lista de comorbidades:<\/strong>\n<p><img decoding=\"async\" class=\"i-amphtml-fill-content i-amphtml-replaced-content\" src=\"https:\/\/uploads.metropoles.com\/wp-content\/uploads\/2021\/05\/05102239\/Comorbidades-3.jpg\" sizes=\"(max-width: 1360px) 1313px, 100vw\" srcset=\"https:\/\/uploads.metropoles.com\/wp-content\/uploads\/2021\/05\/05102239\/Comorbidades-3.jpg 1024w, https:\/\/uploads.metropoles.com\/wp-content\/uploads\/2021\/05\/05102239\/Comorbidades-3-300x225.jpg 300w\" alt=\"\" data-description=\"Divulga\u00e7\u00e3o\/SES-DF\" \/><\/p>\n<div class=\"m-news-list-content m-related-news\">\n<ul class=\"columns is-multiline\">\n<li class=\"column is-half-tablet is-full\">\n<article class=\"m-feed m-feed-small \">\n<div class=\"m-box-text\">\n<p>Nesta quarta, prosseguiu o agendamento para as 10 mil vagas a pessoas com s\u00edndrome de Down (18 a 59 anos), imunossuprimidos (18 a 59 anos), gestantes e\u00a0<a href=\"https:\/\/www.metropoles.com\/distrito-federal\/saude-do-df-confirma-puerperas-em-1o-grupo-de-comorbidades-da-vacinacao-contra-covid?amp\" target=\"_blank\" rel=\"noopener noreferrer amphtml\">pu\u00e9rperas com comorbidades<\/a>\u00a0(18 a 59 anos), pessoas com defici\u00eancia inscritas no BPC (18 a 59 anos) e em terapia renal substitutiva (18 a 59 anos). Essas vagas foram abertas na \u00faltima segunda-feira (3\/5).<\/p>\n<p>Profissionais de sa\u00fade com registro nos conselhos de classe tamb\u00e9m podem se cadastrar para receber a vacina. Nesta etapa, trabalhadores das categorias de servi\u00e7o social, biomedicina, biologia, medicina, enfermagem e tamb\u00e9m agentes funer\u00e1rios, t\u00e9cnicos de laborat\u00f3rio, t\u00e9cnicos de radiologia, internos de medicina e enfermagem e profissionais da Secretaria DF Legal podem fazer o agendamento. Das 10 mil vagas abertas para vacina\u00e7\u00e3o contra a Covid-19, at\u00e9 o in\u00edcio da noite dessa ter\u00e7a-feira (4\/5), haviam sido preenchidas 3.268 vagas.<\/p>\n<\/div>\n<\/article>\n<\/li>\n<\/ul>\n<\/div>\n<\/li>\n<\/ul>\n","protected":false},"excerpt":{"rendered":"<p>Marca\u00e7\u00e3o de imuniza\u00e7\u00e3o contra Covid ocorreu das 12h \u00e0s 15h, quando sistema saiu do ar. S\u00e3o 60 mil doses destinadas a este p\u00fablico. No primeiro dia de agendamento para a vacina\u00e7\u00e3o contra a\u00a0Covid-19\u00a0a pessoas com comorbidades entre 55 e 59 anos, 29 mil vagas foram preenchidas, segundo a Secretaria de Sa\u00fade (SES). Ao todo, s\u00e3o\u00a060 [&hellip;]<\/p>\n","protected":false},"author":4,"featured_media":3808,"comment_status":"open","ping_status":"open","sticky":false,"template":"","format":"standard","meta":{"footnotes":""},"categories":[4],"tags":[],"class_list":["post-3807","post","type-post","status-publish","format-standard","has-post-thumbnail","hentry","category-noticias"],"post_mailing_queue_ids":[],"_links":{"self":[{"href":"https:\/\/www.sodf.org.br\/wordpress\/wp-json\/wp\/v2\/posts\/3807","targetHints":{"allow":["GET"]}}],"collection":[{"href":"https:\/\/www.sodf.org.br\/wordpress\/wp-json\/wp\/v2\/posts"}],"about":[{"href":"https:\/\/www.sodf.org.br\/wordpress\/wp-json\/wp\/v2\/types\/post"}],"author":[{"embeddable":true,"href":"https:\/\/www.sodf.org.br\/wordpress\/wp-json\/wp\/v2\/users\/4"}],"replies":[{"embeddable":true,"href":"https:\/\/www.sodf.org.br\/wordpress\/wp-json\/wp\/v2\/comments?post=3807"}],"version-history":[{"count":1,"href":"https:\/\/www.sodf.org.br\/wordpress\/wp-json\/wp\/v2\/posts\/3807\/revisions"}],"predecessor-version":[{"id":3809,"href":"https:\/\/www.sodf.org.br\/wordpress\/wp-json\/wp\/v2\/posts\/3807\/revisions\/3809"}],"wp:featuredmedia":[{"embeddable":true,"href":"https:\/\/www.sodf.org.br\/wordpress\/wp-json\/wp\/v2\/media\/3808"}],"wp:attachment":[{"href":"https:\/\/www.sodf.org.br\/wordpress\/wp-json\/wp\/v2\/media?parent=3807"}],"wp:term":[{"taxonomy":"category","embeddable":true,"href":"https:\/\/www.sodf.org.br\/wordpress\/wp-json\/wp\/v2\/categories?post=3807"},{"taxonomy":"post_tag","embeddable":true,"href":"https:\/\/www.sodf.org.br\/wordpress\/wp-json\/wp\/v2\/tags?post=3807"}],"curies":[{"name":"wp","href":"https:\/\/api.w.org\/{rel}","templated":true}]}}