{"id":3798,"date":"2021-05-04T17:34:10","date_gmt":"2021-05-04T20:34:10","guid":{"rendered":"http:\/\/www.sodf.org.br\/wordpress\/?p=3798"},"modified":"2021-05-05T08:08:13","modified_gmt":"2021-05-05T11:08:13","slug":"410-mil-vidas-me-separam-do-presidente-diz-mandetta-em-cpi-da-covid","status":"publish","type":"post","link":"https:\/\/www.sodf.org.br\/wordpress\/410-mil-vidas-me-separam-do-presidente-diz-mandetta-em-cpi-da-covid\/","title":{"rendered":"410 mil vidas me separam do presidente, diz Mandetta em CPI da Covid"},"content":{"rendered":"<h2>Ex-ministro da Sa\u00fade de Bolsonaro, o m\u00e9dico e integrante do DEM afirmou que tentou, no cargo, orientar o presidente, mas que n\u00e3o foi ouvido. E comparou sua rela\u00e7\u00e3o com parlamentares com a do ex-ministro general Eduardo Pazuello<\/h2>\n<p>O ex-ministro da Sa\u00fade Luiz Henrique Mandetta afirmou, em depoimento durante a\u00a0<a href=\"https:\/\/www.correiobraziliense.com.br\/politica\/2021\/05\/4922068-ao-vivo-mandetta-ex-ministro-da-saude-depoe-na-cpi-da-covid.html\" target=\"_blank\" rel=\"noopener noreferrer\">Comiss\u00e3o Parlamentar de Inqu\u00e9rito (CPI) da\u00a0covid-19, nesta ter\u00e7a-feira (4\/5)<\/a>, que intensificou as cr\u00edticas ao Executivo ap\u00f3s deixar o governo. Segundo ele, antes, a tentativa era de construir pontes e orientar o presidente da Rep\u00fablica, Jair Bolsonaro, o que funcionava por alguns dias, antes que o mandat\u00e1rio come\u00e7asse a provocar aglomera\u00e7\u00f5es e espalhar desinforma\u00e7\u00e3o sobre o combate ao v\u00edrus.<\/p>\n<p>Mandetta respondia a um questionamento do senador Angelo Coronel (PSB-BA). Ele afirmou que 410 mil mortes o separam de Jair Bolsonaro. \u201cCada vez que se conversava com o presidente, ele compreendia. A gente falava que n\u00e3o se pode aglomerar, que tem que usar o \u00e1lcool em gel, e ele compreendia e falava que ia ajudar. S\u00f3 que se passavam dois ou tr\u00eas dias e ele voltava a aglomerar\u201d, lembrou.<\/p>\n<p>O m\u00e9dico recordou que a contrariedade de Bolsonaro com o Minist\u00e9rio de Sa\u00fade\u00a0<a href=\"https:\/\/www.correiobraziliense.com.br\/app\/noticia\/politica\/2020\/04\/16\/interna_politica,845273\/mandetta-cai-e-nelson-teich-assumira-o-ministerio-da-saude.shtml\" target=\"_blank\" rel=\"noopener noreferrer\">acabou levando a sua demiss\u00e3o em 16 de abril de 2020<\/a>. O ent\u00e3o ministro j\u00e1 havia afirmado que n\u00e3o ia se demitir. \u201cE ele me demitiu e continuou fazendo a mesma pr\u00e1tica. Como cidad\u00e3o, eu posso, sim, criticar\u201d, destacou lembrando que o presidente seguiu negando o uso de m\u00e1scara, recusando compra de vacina e testagem do v\u00edrus. \u201cEu, como cidad\u00e3o, 410 mil vidas me separam do presidente at\u00e9 o momento. At\u00e9 o dia de hoje\u201d, afirmou.<\/p>\n<h3>Propina<\/h3>\n<p class=\"texto\">Questionado sobre a fala do general Eduardo Pazuello, ministro que o sucedeu, sobre uma suposta peregrina\u00e7\u00e3o de parlamentares para pedir propina, que o militar chamou de \u201cpixulecos\u201d, Mandetta negou que tenha recebido algum pedido semelhante. \u201cQuanto \u00e0 fala do ministro Pazuello, ele tem que explicar. O que eu conhe\u00e7o \u00e9 a press\u00e3o leg\u00edtima de parlamentares da C\u00e2mara, Senado, para que se levem recursos para seus estados, e entendo como leg\u00edtimo\u201d, disse.<\/p>\n<p class=\"texto\">\u201cEm 2019, eu fui o ministro que mais recebeu deputados e senadores e vim a essas Casas in\u00fameras vezes. Acho leg\u00edtimo. Essas pessoas p\u00fablicas est\u00e3o aqui eleitas. Eu estava ministro, mas nunca vi nada fora do que se espera de homens p\u00fablicos\u201d, justificou.\u00a0<a href=\"https:\/\/www.correiobraziliense.com.br\/politica\/2021\/05\/4922075-pazuello-alega-que-assessores-estao-com-covid-e-nao-ira-a-cpi-nesta-quarta.html\" target=\"_blank\" rel=\"noopener noreferrer\">Pazuello declinou de comparecer \u00e0 CPI nesta quarta-feira (5\/5) por ter, supostamente, mantido contato com militares contaminados pelo novo coronav\u00edrus<\/a> O colegiado aprovou um novo depoimento para o militar em 19 de abril.<\/p>\n","protected":false},"excerpt":{"rendered":"<p>Ex-ministro da Sa\u00fade de Bolsonaro, o m\u00e9dico e integrante do DEM afirmou que tentou, no cargo, orientar o presidente, mas que n\u00e3o foi ouvido. E comparou sua rela\u00e7\u00e3o com parlamentares com a do ex-ministro general Eduardo Pazuello O ex-ministro da Sa\u00fade Luiz Henrique Mandetta afirmou, em depoimento durante a\u00a0Comiss\u00e3o Parlamentar de Inqu\u00e9rito (CPI) da\u00a0covid-19, nesta [&hellip;]<\/p>\n","protected":false},"author":4,"featured_media":3802,"comment_status":"open","ping_status":"open","sticky":false,"template":"","format":"standard","meta":{"footnotes":""},"categories":[4],"tags":[],"class_list":["post-3798","post","type-post","status-publish","format-standard","has-post-thumbnail","hentry","category-noticias"],"post_mailing_queue_ids":[],"_links":{"self":[{"href":"https:\/\/www.sodf.org.br\/wordpress\/wp-json\/wp\/v2\/posts\/3798","targetHints":{"allow":["GET"]}}],"collection":[{"href":"https:\/\/www.sodf.org.br\/wordpress\/wp-json\/wp\/v2\/posts"}],"about":[{"href":"https:\/\/www.sodf.org.br\/wordpress\/wp-json\/wp\/v2\/types\/post"}],"author":[{"embeddable":true,"href":"https:\/\/www.sodf.org.br\/wordpress\/wp-json\/wp\/v2\/users\/4"}],"replies":[{"embeddable":true,"href":"https:\/\/www.sodf.org.br\/wordpress\/wp-json\/wp\/v2\/comments?post=3798"}],"version-history":[{"count":1,"href":"https:\/\/www.sodf.org.br\/wordpress\/wp-json\/wp\/v2\/posts\/3798\/revisions"}],"predecessor-version":[{"id":3800,"href":"https:\/\/www.sodf.org.br\/wordpress\/wp-json\/wp\/v2\/posts\/3798\/revisions\/3800"}],"wp:featuredmedia":[{"embeddable":true,"href":"https:\/\/www.sodf.org.br\/wordpress\/wp-json\/wp\/v2\/media\/3802"}],"wp:attachment":[{"href":"https:\/\/www.sodf.org.br\/wordpress\/wp-json\/wp\/v2\/media?parent=3798"}],"wp:term":[{"taxonomy":"category","embeddable":true,"href":"https:\/\/www.sodf.org.br\/wordpress\/wp-json\/wp\/v2\/categories?post=3798"},{"taxonomy":"post_tag","embeddable":true,"href":"https:\/\/www.sodf.org.br\/wordpress\/wp-json\/wp\/v2\/tags?post=3798"}],"curies":[{"name":"wp","href":"https:\/\/api.w.org\/{rel}","templated":true}]}}