{"id":3795,"date":"2021-05-04T17:31:09","date_gmt":"2021-05-04T20:31:09","guid":{"rendered":"http:\/\/www.sodf.org.br\/wordpress\/?p=3795"},"modified":"2021-05-05T08:32:16","modified_gmt":"2021-05-05T11:32:16","slug":"df-saude-retira-puerperas-do-1o-grupo-de-comorbidades-a-ser-vacinado","status":"publish","type":"post","link":"https:\/\/www.sodf.org.br\/wordpress\/df-saude-retira-puerperas-do-1o-grupo-de-comorbidades-a-ser-vacinado\/","title":{"rendered":"DF: Sa\u00fade retira pu\u00e9rperas do 1\u00ba grupo de comorbidades a ser vacinado"},"content":{"rendered":"<p>Na \u00faltima quinta-feira (29\/4), o Governo do Distrito Federal (GDF) informou que a primeira etapa da vacina\u00e7\u00e3o contra Covid-19 de pessoas com comorbidades estava prevista para come\u00e7ar nesta ter\u00e7a-feira (4\/5). O calend\u00e1rio pr\u00e9vio montado pela Secretaria de Sa\u00fade do DF estabeleceu, naquele momento, que a primeira fase incluiria indiv\u00edduos com defici\u00eancia permanente, gestantes e pu\u00e9rperas com comorbidades, pessoas com S\u00edndrome de Down e pacientes que fazem hemodi\u00e1lise. No entanto, a Secretaria abriu, na manh\u00e3 dessa segunda-feira (3\/5), 10 mil vagas para agendamento do primeiro grupo de pessoas com comorbidades e deixou de incluir pu\u00e9rperas com doen\u00e7as pr\u00e9-existentes. Atualmente, por meio do site\u00a0<a href=\"http:\/\/vacina.saude.df.gov.br\/\" target=\"_blank\" rel=\"noopener noreferrer\">vacina.saude.df.gov.br<\/a>, podem agendar o recebimento da primeira dose: pessoas com s\u00edndrome de Down, com defici\u00eancia cadastradas no Benef\u00edcio de Presta\u00e7\u00e3o Continuada (BPC), pacientes que fazem terapia renal substitutiva e gestantes com comorbidades.<\/p>\n<p>De acordo com a pasta, pu\u00e9rperas s\u00f3 poder\u00e3o se vacinar agora na segunda fase de imuniza\u00e7\u00e3o do grupo com comorbidades, ou seja, ap\u00f3s o dia 18 de maio. Em nota, a SES-DF disse que a mudan\u00e7a ocorreu \u201cpara que haja tempo h\u00e1bil para atualiza\u00e7\u00e3o do cadastro das mulheres nesta condi\u00e7\u00e3o\u201d.<\/p>\n<p>A pasta n\u00e3o informou previs\u00e3o de datas para a segunda etapa.<\/p>\n<h4>Confira:<\/h4>\n<p><img decoding=\"async\" class=\"i-amphtml-fill-content i-amphtml-replaced-content\" src=\"https:\/\/uploads.metropoles.com\/wp-content\/uploads\/2021\/05\/03144636\/Vacinacaodo-publico-com-comorbidades-no-DF.jpg\" sizes=\"(max-width: 1360px) 1313px, 100vw\" srcset=\"https:\/\/uploads.metropoles.com\/wp-content\/uploads\/2021\/05\/03144636\/Vacinacaodo-publico-com-comorbidades-no-DF.jpg 769w, https:\/\/uploads.metropoles.com\/wp-content\/uploads\/2021\/05\/03144636\/Vacinacaodo-publico-com-comorbidades-no-DF-288x300.jpg 288w\" alt=\"\" data-description=\"Divulga\u00e7\u00e3o\/SES-DF\" \/><\/p>\n<p>De acordo com a pasta, pu\u00e9rperas s\u00f3 poder\u00e3o se vacinar agora na segunda fase de imuniza\u00e7\u00e3o do grupo com comorbidades, ou seja, ap\u00f3s o dia 18 de maio. Em nota, a SES-DF disse que a mudan\u00e7a ocorreu \u201cpara que haja tempo h\u00e1bil para atualiza\u00e7\u00e3o do cadastro das mulheres nesta condi\u00e7\u00e3o\u201d.<\/p>\n<p>A pasta n\u00e3o informou previs\u00e3o de datas para a segunda etapa.<\/p>\n<div class=\"amp-pub\"><\/div>\n<p>&nbsp;<\/p>\n","protected":false},"excerpt":{"rendered":"<p>Na \u00faltima quinta-feira (29\/4), o Governo do Distrito Federal (GDF) informou que a primeira etapa da vacina\u00e7\u00e3o contra Covid-19 de pessoas com comorbidades estava prevista para come\u00e7ar nesta ter\u00e7a-feira (4\/5). O calend\u00e1rio pr\u00e9vio montado pela Secretaria de Sa\u00fade do DF estabeleceu, naquele momento, que a primeira fase incluiria indiv\u00edduos com defici\u00eancia permanente, gestantes e pu\u00e9rperas [&hellip;]<\/p>\n","protected":false},"author":4,"featured_media":3796,"comment_status":"open","ping_status":"open","sticky":false,"template":"","format":"standard","meta":{"footnotes":""},"categories":[4],"tags":[],"class_list":["post-3795","post","type-post","status-publish","format-standard","has-post-thumbnail","hentry","category-noticias"],"post_mailing_queue_ids":[],"_links":{"self":[{"href":"https:\/\/www.sodf.org.br\/wordpress\/wp-json\/wp\/v2\/posts\/3795","targetHints":{"allow":["GET"]}}],"collection":[{"href":"https:\/\/www.sodf.org.br\/wordpress\/wp-json\/wp\/v2\/posts"}],"about":[{"href":"https:\/\/www.sodf.org.br\/wordpress\/wp-json\/wp\/v2\/types\/post"}],"author":[{"embeddable":true,"href":"https:\/\/www.sodf.org.br\/wordpress\/wp-json\/wp\/v2\/users\/4"}],"replies":[{"embeddable":true,"href":"https:\/\/www.sodf.org.br\/wordpress\/wp-json\/wp\/v2\/comments?post=3795"}],"version-history":[{"count":2,"href":"https:\/\/www.sodf.org.br\/wordpress\/wp-json\/wp\/v2\/posts\/3795\/revisions"}],"predecessor-version":[{"id":3804,"href":"https:\/\/www.sodf.org.br\/wordpress\/wp-json\/wp\/v2\/posts\/3795\/revisions\/3804"}],"wp:featuredmedia":[{"embeddable":true,"href":"https:\/\/www.sodf.org.br\/wordpress\/wp-json\/wp\/v2\/media\/3796"}],"wp:attachment":[{"href":"https:\/\/www.sodf.org.br\/wordpress\/wp-json\/wp\/v2\/media?parent=3795"}],"wp:term":[{"taxonomy":"category","embeddable":true,"href":"https:\/\/www.sodf.org.br\/wordpress\/wp-json\/wp\/v2\/categories?post=3795"},{"taxonomy":"post_tag","embeddable":true,"href":"https:\/\/www.sodf.org.br\/wordpress\/wp-json\/wp\/v2\/tags?post=3795"}],"curies":[{"name":"wp","href":"https:\/\/api.w.org\/{rel}","templated":true}]}}