{"id":3791,"date":"2021-05-04T17:28:13","date_gmt":"2021-05-04T20:28:13","guid":{"rendered":"http:\/\/www.sodf.org.br\/wordpress\/?p=3791"},"modified":"2021-05-05T08:34:19","modified_gmt":"2021-05-05T11:34:19","slug":"site-de-agendamento-da-vacinacao-no-df-apresenta-problemas-nesta-terca","status":"publish","type":"post","link":"https:\/\/www.sodf.org.br\/wordpress\/site-de-agendamento-da-vacinacao-no-df-apresenta-problemas-nesta-terca\/","title":{"rendered":"Site de agendamento da vacina\u00e7\u00e3o no DF apresenta problemas nesta ter\u00e7a"},"content":{"rendered":"<p>Segundo a Sa\u00fade, \u201chouve muitos cadastramentos com a data de nascimento errada no grupo de comorbidades\u201d. P\u00e1gina passa por ajustes. A Secretaria de Sa\u00fade do Distrito Federal abriu, nesta ter\u00e7a-feira (4\/5), mais 10 mil vagas para profissionais de sa\u00fade com registro nos conselhos de classe agendarem a vacina\u00e7\u00e3o contra Covid-19. A previs\u00e3o era de que a marca\u00e7\u00e3o estivesse dispon\u00edvel \u00e0s 10h, no site <a href=\"http:\/\/vacina.saude.df.gov.br\/\">vacina.saude.df.gov.br<\/a>. A p\u00e1gina, no entanto, n\u00e3o disponibilizou o servi\u00e7o no hor\u00e1rio informado pela pasta, pois estava em manuten\u00e7\u00e3o. Tamb\u00e9m deveria continuar nesta ter\u00e7a o agendamento da imuniza\u00e7\u00e3o para o\u00a0<a href=\"https:\/\/www.metropoles.com\/distrito-federal\/df-saiba-detalhes-da-vacinacao-de-pessoas-com-comorbidades-nesta-3a?amp\" target=\"_blank\" rel=\"noopener noreferrer amphtml\">p\u00fablico com comorbidades<\/a>. Contudo, h\u00e1 tamb\u00e9m problemas para a marca\u00e7\u00e3o de data e hora para aplica\u00e7\u00e3o da vacina nesses pacientes.<\/p>\n<p>\u00c0s 10h, quando deveria ser aberto o agendamento de profissionais de sa\u00fade, havia na p\u00e1gina apenas as op\u00e7\u00f5es de marca\u00e7\u00e3o para pacientes acamados ou com comorbidades. Ao fim da manh\u00e3, por volta das 11h50, o site mostrava somente a op\u00e7\u00e3o \u201cpacientes acamados\u201d. \u00c0 tarde, at\u00e9 a publica\u00e7\u00e3o desta reportagem, podiam agendar profissionais de sa\u00fade e pacientes acamados, n\u00e3o havendo mais a aba de \u201ccomorbidades\u201d. nforme a SES-DF, agora o agendamento de pessoas com doen\u00e7as preexistentes \u201cest\u00e1 recebendo ajustes por causa dos erros\u201d e \u201cvolta na sequ\u00eancia\u201d.<\/p>\n<h5>Profissionais de sa\u00fade<\/h5>\n<p>Nesta etapa, poder\u00e3o agendar trabalhadores das seguintes categorias: servi\u00e7o social, agentes funer\u00e1rios, biomedicina, biologia, t\u00e9cnicos de laborat\u00f3rio, medicina, enfermagem, t\u00e9cnicos de radiologia, internos de medicina e enfermagem, e servidores da Secretaria DF Legal. At\u00e9 o momento, a Sa\u00fade vacinou 124.089 trabalhadores desta \u00e1rea com a primeira dose, e 97.280 receberam o refor\u00e7o.<\/p>\n<div class=\"amp-pub\"><\/div>\n","protected":false},"excerpt":{"rendered":"<p>Segundo a Sa\u00fade, \u201chouve muitos cadastramentos com a data de nascimento errada no grupo de comorbidades\u201d. P\u00e1gina passa por ajustes. A Secretaria de Sa\u00fade do Distrito Federal abriu, nesta ter\u00e7a-feira (4\/5), mais 10 mil vagas para profissionais de sa\u00fade com registro nos conselhos de classe agendarem a vacina\u00e7\u00e3o contra Covid-19. A previs\u00e3o era de que [&hellip;]<\/p>\n","protected":false},"author":4,"featured_media":3803,"comment_status":"open","ping_status":"open","sticky":false,"template":"","format":"standard","meta":{"footnotes":""},"categories":[4],"tags":[],"class_list":["post-3791","post","type-post","status-publish","format-standard","has-post-thumbnail","hentry","category-noticias"],"post_mailing_queue_ids":[],"_links":{"self":[{"href":"https:\/\/www.sodf.org.br\/wordpress\/wp-json\/wp\/v2\/posts\/3791","targetHints":{"allow":["GET"]}}],"collection":[{"href":"https:\/\/www.sodf.org.br\/wordpress\/wp-json\/wp\/v2\/posts"}],"about":[{"href":"https:\/\/www.sodf.org.br\/wordpress\/wp-json\/wp\/v2\/types\/post"}],"author":[{"embeddable":true,"href":"https:\/\/www.sodf.org.br\/wordpress\/wp-json\/wp\/v2\/users\/4"}],"replies":[{"embeddable":true,"href":"https:\/\/www.sodf.org.br\/wordpress\/wp-json\/wp\/v2\/comments?post=3791"}],"version-history":[{"count":2,"href":"https:\/\/www.sodf.org.br\/wordpress\/wp-json\/wp\/v2\/posts\/3791\/revisions"}],"predecessor-version":[{"id":3805,"href":"https:\/\/www.sodf.org.br\/wordpress\/wp-json\/wp\/v2\/posts\/3791\/revisions\/3805"}],"wp:featuredmedia":[{"embeddable":true,"href":"https:\/\/www.sodf.org.br\/wordpress\/wp-json\/wp\/v2\/media\/3803"}],"wp:attachment":[{"href":"https:\/\/www.sodf.org.br\/wordpress\/wp-json\/wp\/v2\/media?parent=3791"}],"wp:term":[{"taxonomy":"category","embeddable":true,"href":"https:\/\/www.sodf.org.br\/wordpress\/wp-json\/wp\/v2\/categories?post=3791"},{"taxonomy":"post_tag","embeddable":true,"href":"https:\/\/www.sodf.org.br\/wordpress\/wp-json\/wp\/v2\/tags?post=3791"}],"curies":[{"name":"wp","href":"https:\/\/api.w.org\/{rel}","templated":true}]}}