{"id":3787,"date":"2021-05-03T19:04:20","date_gmt":"2021-05-03T22:04:20","guid":{"rendered":"http:\/\/www.sodf.org.br\/wordpress\/?p=3787"},"modified":"2021-05-03T19:04:20","modified_gmt":"2021-05-03T22:04:20","slug":"flexibilizacao-sera-revista-se-numeros-da-covid-piorarem-no-df-diz-secretario","status":"publish","type":"post","link":"https:\/\/www.sodf.org.br\/wordpress\/flexibilizacao-sera-revista-se-numeros-da-covid-piorarem-no-df-diz-secretario\/","title":{"rendered":"Flexibiliza\u00e7\u00e3o ser\u00e1 revista se n\u00fameros da Covid piorarem no DF, diz secret\u00e1rio"},"content":{"rendered":"<p>Informa\u00e7\u00e3o foi dada pelo secret\u00e1rio chefe da Casa Civil durante coletiva de imprensa realizada nesta segunda-feira (3\/5) no Buriti. O secret\u00e1rio chefe da Casa Civil, Gustavo Rocha, afirmou nesta segunda-feira (3\/5) que o governador\u00a0<a href=\"https:\/\/www.metropoles.com\/tag\/ibaneis-rocha?amp\" target=\"_blank\" rel=\"noopener noreferrer amphtml\">Ibaneis Rocha (MDB)<\/a>\u00a0n\u00e3o descarta voltar atr\u00e1s sobre as\u00a0<a href=\"https:\/\/www.metropoles.com\/colunas\/grande-angular\/ibaneis-amplia-horario-de-funcionamento-restaurantes-no-df-ate-as-23h?amp\" target=\"_blank\" rel=\"noopener noreferrer amphtml\">medidas de flexibiliza\u00e7\u00e3o das atividades econ\u00f4micas<\/a>\u00a0no caso de um poss\u00edvel aumento dos registros de infec\u00e7\u00e3o da\u00a0<a href=\"https:\/\/www.metropoles.com\/tag\/covid-19?amp\" target=\"_blank\" rel=\"noopener noreferrer amphtml\">Covid-19<\/a>.\u00a0 A declara\u00e7\u00e3o ocorreu durante coletiva de imprensa no Pal\u00e1cio do Buriti. \u201cSe houver aumento dos dados, o governador pode voltar atr\u00e1s sobre flexibiliza\u00e7\u00e3o\u201d, frisou o principal nome do primeiro escal\u00e3o do Governo do Distrito Federal (GDF).<\/p>\n<p>Gustavo Rocha lembrou que a popula\u00e7\u00e3o precisa ter consci\u00eancia sobre o momento pand\u00eamico vivido na capital da Rep\u00fablica e que a colabora\u00e7\u00e3o de todos ser\u00e1 fundamental para que as retomadas das atividades continuem de forma escalonada e a depender dos \u00edndices registrados pela Secretaria de Sa\u00fade.<\/p>\n<p>De acordo com Gustavo Rocha, secret\u00e1rio-chefe da Casa Civil, a lista de espera por\u00a0<a href=\"https:\/\/www.metropoles.com\/tag\/covid-19?amp\" target=\"_blank\" rel=\"noopener noreferrer amphtml\">UTI Covid<\/a>\u00a0est\u00e1 em 23 pessoas. Esse n\u00famero chegou a cerca de 300 no per\u00edodo mais cr\u00edtico da crise sanit\u00e1ria no DF, no m\u00eas de abril. O n\u00famero de casos ativos da doen\u00e7a tamb\u00e9m caiu em quase 50% desde o pior momento, quando eram 16 mil registros contra os 8.670 atuais.<\/p>\n<h6>Flexibiliza\u00e7\u00e3o<\/h6>\n<p>Nesta segunda-feira, Ibaneis decidiu ampliar o\u00a0<a href=\"https:\/\/www.metropoles.com\/distrito-federal\/restaurantes-pedem-que-gdf-flexibilize-horario-de-funcionamento?amp\" target=\"_blank\" rel=\"noopener noreferrer amphtml\">hor\u00e1rio de funcionamento de bares e restaurantes para at\u00e9 as 23h<\/a>. O novo decreto foi assinado nesta segunda-feira (3\/5).<\/p>\n<p>Os estabelecimentos desse setor retomaram as atividades no dia 29 de mar\u00e7o, ap\u00f3s um m\u00eas de lockdown parcial. Desde o fim de mar\u00e7o at\u00e9 o dia 12 de abril, tinham autoriza\u00e7\u00e3o para abrir at\u00e9 as 21h. Em 13 de abril, o hor\u00e1rio foi estendido para 21h.<\/p>\n<p>A flexibiliza\u00e7\u00e3o acontece no dia em que a Associa\u00e7\u00e3o Brasileira de Bares e Restaurantes (Abrasel-DF) e o Sindicato Patronal de Hot\u00e9is, Restaurantes, Bares e Similares de Bras\u00edlia (Sindhobar) se uniram para protocolar pedido de mudan\u00e7a do hor\u00e1rio de funcionamento dos bares e restaurantes da capital federal.<\/p>\n<div class=\"m-banner-wrap m-banner-rectangle m-publicity-content-middle\">\n<div id=\"div-gpt-ad-colunas-quadrado-2\" class=\"ad-quadrado\" data-google-query-id=\"CLizmrSZrvACFYY4uQYdBY4L6w\">\n<p>Contatado pela coluna Grande Angular, do Metr\u00f3poles, o governador disse que os n\u00fameros da\u00a0<a href=\"https:\/\/www.metropoles.com\/tag\/covid-19?amp\" target=\"_blank\" rel=\"noopener noreferrer amphtml\">pandemia<\/a>\u00a0verificados nos \u00faltimos dias permitem a amplia\u00e7\u00e3o dos hor\u00e1rios. \u201cEsta semana j\u00e1 devemos ter em funcionamento o\u00a0<a href=\"https:\/\/www.metropoles.com\/tag\/hospital-de-campanha?amp\" target=\"_blank\" rel=\"noopener noreferrer amphtml\">Hospital de Campanha do Gama<\/a>, e os outros na semana que vem\u201d, afirmou.<\/p>\n<div id=\"outbrain_widget_0\" class=\"OUTBRAIN\" data-src=\"https:\/\/www.metropoles.com\/colunas\/grande-angular\/ibaneis-amplia-horario-de-funcionamento-restaurantes-no-df-ate-as-23h\" data-widget-id=\"AR_6\" data-ob-template=\"metropoles\" data-ob-mark=\"true\" data-browser=\"chrome\" data-os=\"win32\" data-dynload=\"\" data-idx=\"0\">\n<div class=\"ob-widget ob-grid-layout AR_6 ob-cmn-AR_6\">\n<div class=\"ob-widget-header\">\n<p>O hor\u00e1rio permitido para venda de bebidas alco\u00f3licas na capital federal tamb\u00e9m foi estendido: a partir da publica\u00e7\u00e3o do decreto, os produtos podem ser comercializados at\u00e9 as 23h. Antes, era vetada a comercializa\u00e7\u00e3o a partir das 21h.<\/p>\n<\/div>\n<p>Os shoppings centers e centros comerciais passar\u00e3o a funcionar das 10h \u00e0s 22h, exceto bares e restaurantes que estejam dentro desses locais. Os estabelecimentos desse segmento estavam operando das 13h \u00e0s 21h.<\/p>\n<p>Nesta segunda-feira, o governador tamb\u00e9m alterou o hor\u00e1rio do toque de recolher. Antes vigente das 22h \u00e0s 5h, agora a medida de restri\u00e7\u00e3o de circula\u00e7\u00e3o passa a valer das 0h \u00e0s 5h.<\/p>\n<\/div>\n<\/div>\n<\/div>\n<\/div>\n","protected":false},"excerpt":{"rendered":"<p>Informa\u00e7\u00e3o foi dada pelo secret\u00e1rio chefe da Casa Civil durante coletiva de imprensa realizada nesta segunda-feira (3\/5) no Buriti. O secret\u00e1rio chefe da Casa Civil, Gustavo Rocha, afirmou nesta segunda-feira (3\/5) que o governador\u00a0Ibaneis Rocha (MDB)\u00a0n\u00e3o descarta voltar atr\u00e1s sobre as\u00a0medidas de flexibiliza\u00e7\u00e3o das atividades econ\u00f4micas\u00a0no caso de um poss\u00edvel aumento dos registros de infec\u00e7\u00e3o [&hellip;]<\/p>\n","protected":false},"author":4,"featured_media":3788,"comment_status":"open","ping_status":"open","sticky":false,"template":"","format":"standard","meta":{"footnotes":""},"categories":[4],"tags":[],"class_list":["post-3787","post","type-post","status-publish","format-standard","has-post-thumbnail","hentry","category-noticias"],"post_mailing_queue_ids":[],"_links":{"self":[{"href":"https:\/\/www.sodf.org.br\/wordpress\/wp-json\/wp\/v2\/posts\/3787","targetHints":{"allow":["GET"]}}],"collection":[{"href":"https:\/\/www.sodf.org.br\/wordpress\/wp-json\/wp\/v2\/posts"}],"about":[{"href":"https:\/\/www.sodf.org.br\/wordpress\/wp-json\/wp\/v2\/types\/post"}],"author":[{"embeddable":true,"href":"https:\/\/www.sodf.org.br\/wordpress\/wp-json\/wp\/v2\/users\/4"}],"replies":[{"embeddable":true,"href":"https:\/\/www.sodf.org.br\/wordpress\/wp-json\/wp\/v2\/comments?post=3787"}],"version-history":[{"count":1,"href":"https:\/\/www.sodf.org.br\/wordpress\/wp-json\/wp\/v2\/posts\/3787\/revisions"}],"predecessor-version":[{"id":3789,"href":"https:\/\/www.sodf.org.br\/wordpress\/wp-json\/wp\/v2\/posts\/3787\/revisions\/3789"}],"wp:featuredmedia":[{"embeddable":true,"href":"https:\/\/www.sodf.org.br\/wordpress\/wp-json\/wp\/v2\/media\/3788"}],"wp:attachment":[{"href":"https:\/\/www.sodf.org.br\/wordpress\/wp-json\/wp\/v2\/media?parent=3787"}],"wp:term":[{"taxonomy":"category","embeddable":true,"href":"https:\/\/www.sodf.org.br\/wordpress\/wp-json\/wp\/v2\/categories?post=3787"},{"taxonomy":"post_tag","embeddable":true,"href":"https:\/\/www.sodf.org.br\/wordpress\/wp-json\/wp\/v2\/tags?post=3787"}],"curies":[{"name":"wp","href":"https:\/\/api.w.org\/{rel}","templated":true}]}}