{"id":3784,"date":"2021-05-03T19:01:21","date_gmt":"2021-05-03T22:01:21","guid":{"rendered":"http:\/\/www.sodf.org.br\/wordpress\/?p=3784"},"modified":"2021-05-03T19:07:13","modified_gmt":"2021-05-03T22:07:13","slug":"tcdf-ve-prejuizo-de-r-57-mi-em-contrato-do-gdf-com-a-sanoli-em-2014","status":"publish","type":"post","link":"https:\/\/www.sodf.org.br\/wordpress\/tcdf-ve-prejuizo-de-r-57-mi-em-contrato-do-gdf-com-a-sanoli-em-2014\/","title":{"rendered":"TCDF v\u00ea preju\u00edzo de R$ 5,7 mi em contrato do GDF com a Sanoli em 2014"},"content":{"rendered":"<p>Representante do acordo, ex-secret\u00e1rio de Sa\u00fade Elias Miziara e a empresa t\u00eam 30 dias para prestar esclarecimentos na presta\u00e7\u00e3o de contas.<\/p>\n<p>O\u00a0<a href=\"https:\/\/www.metropoles.com\/tag\/tcdf?amp\" target=\"_blank\" rel=\"noopener noreferrer amphtml\">Tribunal de Contas do Distrito Federal (TCDF)<\/a>\u00a0identificou sobrepre\u00e7o em contrato fechado entre a\u00a0<a href=\"http:\/\/www.saude.df.gov.br\/\" target=\"_blank\" rel=\"noopener noreferrer\">Secretaria de Sa\u00fade<\/a>\u00a0e a empresa\u00a0<a href=\"https:\/\/www.metropoles.com\/tag\/sanoli?amp\" target=\"_blank\" rel=\"noopener noreferrer amphtml\">Sanoli<\/a>, durante a gest\u00e3o do ex-governador\u00a0<a href=\"https:\/\/www.metropoles.com\/tag\/agnelo-queiroz?amp\" target=\"_blank\" rel=\"noopener noreferrer amphtml\">Agnelo Queiroz (PT)<\/a>. \u00c0 \u00e9poca, o m\u00e9dico\u00a0<a href=\"https:\/\/www.metropoles.com\/tag\/elias-miziara?amp\" target=\"_blank\" rel=\"noopener noreferrer amphtml\">Elias Miziara<\/a> respondia pela pasta. De acordo com apura\u00e7\u00f5es da Comiss\u00e3o Tomadora do TCDF, o poss\u00edvel preju\u00edzo identificado \u00e9 de R$ 3,1 milh\u00f5es. Atualizado, o valor alcan\u00e7a R$ 5,7 milh\u00f5es. Conforme relat\u00f3rio de Tomada de Contas Especial, que tamb\u00e9m atestou a irregularidade das contas do ex-secret\u00e1rio de Sa\u00fade, o valor corrigido deve ser ressarcido aos cofres p\u00fablicos de maneira solid\u00e1ria.<\/p>\n<p>Os conselheiros da Corte de Contas determinaram, nessa quarta-feira (28\/4), que todos sejam citados. O processo ainda est\u00e1 na fase da defesa e do contradit\u00f3rio. Assim que os citados se manifestarem, o TCDF vai confrontar os argumentos apresentados por eles e aqueles apontados no Relat\u00f3rio da TCE.<\/p>\n<h6>Prazo<\/h6>\n<p>A partir da cita\u00e7\u00e3o, as pessoas supostamente envolvidas t\u00eam 30 dias para apresentar as alega\u00e7\u00f5es em defesa do sobrepre\u00e7o apontado no contrato n\u00ba 96\/2014 e em seu aditivo (esse sem cobertura contratual). Se a defesa n\u00e3o for aceita, existe a possibilidade de os envolvidos terem suas contas julgadas irregulares.<\/p>\n<p>Faturas n\u00e3o pagas<\/p>\n<p>Al\u00e9m disso, a Corte de Contas determinou que a Secretaria de Estado de Sa\u00fade do Distrito Federal acompanhe o andamento das presentes contas especiais at\u00e9 seu desfecho, visando aplicar, se for o caso, o mesmo percentual (3,57%) nas faturas n\u00e3o pagas.<\/p>\n<p>Isso compensar\u00e1 o valor da multa aplicada de R$ 10.294.182,96 pela inexecu\u00e7\u00e3o parcial do Contrato n\u00b0 96\/2014-SES\/DF no m\u00eas de outubro de 2014. O n\u00e3o cumprimento de parte do acordado entre GDF e Sanoli est\u00e1 no Relat\u00f3rio de Conclus\u00e3o de TCE da Comiss\u00e3o Tomadora. A reportagem do\u00a0<strong>Metr\u00f3poles<\/strong>\u00a0n\u00e3o conseguiu contado com Elias Miziara e os antigos servidores do GDF, nem com a empresa Sanoli. O espa\u00e7o de manifesta\u00e7\u00e3o permanece aberto.<\/p>\n<div class=\"amp-pub\"><\/div>\n","protected":false},"excerpt":{"rendered":"<p>Representante do acordo, ex-secret\u00e1rio de Sa\u00fade Elias Miziara e a empresa t\u00eam 30 dias para prestar esclarecimentos na presta\u00e7\u00e3o de contas. O\u00a0Tribunal de Contas do Distrito Federal (TCDF)\u00a0identificou sobrepre\u00e7o em contrato fechado entre a\u00a0Secretaria de Sa\u00fade\u00a0e a empresa\u00a0Sanoli, durante a gest\u00e3o do ex-governador\u00a0Agnelo Queiroz (PT). \u00c0 \u00e9poca, o m\u00e9dico\u00a0Elias Miziara respondia pela pasta. De acordo [&hellip;]<\/p>\n","protected":false},"author":4,"featured_media":3790,"comment_status":"open","ping_status":"open","sticky":false,"template":"","format":"standard","meta":{"footnotes":""},"categories":[4],"tags":[],"class_list":["post-3784","post","type-post","status-publish","format-standard","has-post-thumbnail","hentry","category-noticias"],"post_mailing_queue_ids":[],"_links":{"self":[{"href":"https:\/\/www.sodf.org.br\/wordpress\/wp-json\/wp\/v2\/posts\/3784","targetHints":{"allow":["GET"]}}],"collection":[{"href":"https:\/\/www.sodf.org.br\/wordpress\/wp-json\/wp\/v2\/posts"}],"about":[{"href":"https:\/\/www.sodf.org.br\/wordpress\/wp-json\/wp\/v2\/types\/post"}],"author":[{"embeddable":true,"href":"https:\/\/www.sodf.org.br\/wordpress\/wp-json\/wp\/v2\/users\/4"}],"replies":[{"embeddable":true,"href":"https:\/\/www.sodf.org.br\/wordpress\/wp-json\/wp\/v2\/comments?post=3784"}],"version-history":[{"count":1,"href":"https:\/\/www.sodf.org.br\/wordpress\/wp-json\/wp\/v2\/posts\/3784\/revisions"}],"predecessor-version":[{"id":3786,"href":"https:\/\/www.sodf.org.br\/wordpress\/wp-json\/wp\/v2\/posts\/3784\/revisions\/3786"}],"wp:featuredmedia":[{"embeddable":true,"href":"https:\/\/www.sodf.org.br\/wordpress\/wp-json\/wp\/v2\/media\/3790"}],"wp:attachment":[{"href":"https:\/\/www.sodf.org.br\/wordpress\/wp-json\/wp\/v2\/media?parent=3784"}],"wp:term":[{"taxonomy":"category","embeddable":true,"href":"https:\/\/www.sodf.org.br\/wordpress\/wp-json\/wp\/v2\/categories?post=3784"},{"taxonomy":"post_tag","embeddable":true,"href":"https:\/\/www.sodf.org.br\/wordpress\/wp-json\/wp\/v2\/tags?post=3784"}],"curies":[{"name":"wp","href":"https:\/\/api.w.org\/{rel}","templated":true}]}}