{"id":2905,"date":"2021-03-03T21:44:32","date_gmt":"2021-03-04T00:44:32","guid":{"rendered":"http:\/\/www.sodf.org.br\/wordpress\/?p=2905"},"modified":"2021-03-03T21:44:32","modified_gmt":"2021-03-04T00:44:32","slug":"covid-19-ibaneis-rocha-anuncia-dois-novos-hospitais-de-campanha-no-df-governador-informou-no-twitter-na-manha-desta-quarta-feira-3-3-que-cada-unidade-tera-100-leitos","status":"publish","type":"post","link":"https:\/\/www.sodf.org.br\/wordpress\/covid-19-ibaneis-rocha-anuncia-dois-novos-hospitais-de-campanha-no-df-governador-informou-no-twitter-na-manha-desta-quarta-feira-3-3-que-cada-unidade-tera-100-leitos\/","title":{"rendered":"Covid-19: Ibaneis Rocha anuncia dois novos hospitais de campanha no DF Governador informou, no Twitter, na manh\u00e3 desta quarta-feira (3\/3), que cada unidade ter\u00e1 100 leitos"},"content":{"rendered":"<p>O governador do Distrito Federal,\u00a0<a href=\"https:\/\/www.metropoles.com\/tag\/ibaneis-rocha\" target=\"_blank\" rel=\"noopener noreferrer\">Ibaneis Rocha (MDB)<\/a>, disse, em publica\u00e7\u00e3o em sua conta no Twitter, na manh\u00e3 desta quarta-feira (3\/3), que vai criar mais dois hospitais de campanha para atender pacientes com\u00a0<a href=\"https:\/\/www.metropoles.com\/tag\/covid-19\" target=\"_blank\" rel=\"noopener noreferrer\">Covid-19<\/a>. De acordo com ele, cada unidade ter\u00e1 100 leitos.<\/p>\n<p>Ibaneis deu entrevista nesta manh\u00e3 ao apresentador Jos\u00e9 Luiz Datena, da Bandeirantes. Na ocasi\u00e3o, ele tamb\u00e9m comentou sobre a abertura de novos leitos de unidade de terapia intensiva (UTI) no DF voltados para pacientes diagnosticados com o\u00a0<a href=\"https:\/\/www.metropoles.com\/tag\/coronavirus\" target=\"_blank\" rel=\"noopener noreferrer\">novo coronav\u00edrus<\/a>.<\/p>\n<blockquote><p>\u201cN\u00f3s j\u00e1 conseguimos para essa semana mais 100 leitos de UTI. At\u00e9 a pr\u00f3xima semana, ser\u00e3o mais 221 leitos de UTI. Estamos contratando mais dois hospitais de campanha, com 100 leitos cada um deles. Isso vai nos dar um determinado conforto\u201d, afirmou o chefe do Executivo local.<\/p><\/blockquote>\n<p>O\u00a0<strong>Metr\u00f3poles<\/strong>\u00a0questionou o Pal\u00e1cio do Buriti e a Secretaria de Sa\u00fade do DF sobre detalhes e prazos para a abertura destes hospitais de campanha e aguardava retorno at\u00e9 a publica\u00e7\u00e3o desta mat\u00e9ria. T\u00e3o logo os \u00f3rg\u00e3os respondam, a reportagem ser\u00e1 atualizada.<\/p>\n<h6>Leitos de UTI<\/h6>\n<p>Durante a entrevista, o governador voltou a citar a ocupa\u00e7\u00e3o de UTIs por pacientes do Entorno do DF e disse que, nas cidades de Goi\u00e1s vizinhas \u00e0 capital, \u201cn\u00e3o existe uma estrutura hospitalar\u201d.<\/p>\n<p>\u201cN\u00f3s tivemos, na regi\u00e3o do Entorno do Distrito Federal, o agravamento muito forte da transmiss\u00e3o do Covid\u201d, disse. \u201cEnt\u00e3o, todo esse pessoal \u00e9 atendido aqui no Distrito Federal [\u2026] Era em torno de 5% a 6% de ocupa\u00e7\u00e3o de pessoas do Entorno, e n\u00f3s chegamos a 25% de ocupa\u00e7\u00e3o das nossas UTIs com pessoas de fora da cidade. E n\u00f3s temos de atender todos os brasileiros, o sistema \u00e9 \u00fanico de sa\u00fade e n\u00f3s temos de cuidar de ampliar a nossa rede hospitalar para atender toda a popula\u00e7\u00e3o\u201d, completou.<\/p>\n<p>\u00c0s 8h desta quarta, a taxa de ocupa\u00e7\u00e3o de leitos de UTI por pacientes com Covid-19 era de 90% na rede p\u00fablica do DF. J\u00e1 na rede privada, 91% das UTIs estavam ocupadas no in\u00edcio desta manh\u00e3.<\/p>\n","protected":false},"excerpt":{"rendered":"<p>O governador do Distrito Federal,\u00a0Ibaneis Rocha (MDB), disse, em publica\u00e7\u00e3o em sua conta no Twitter, na manh\u00e3 desta quarta-feira (3\/3), que vai criar mais dois hospitais de campanha para atender pacientes com\u00a0Covid-19. De acordo com ele, cada unidade ter\u00e1 100 leitos. Ibaneis deu entrevista nesta manh\u00e3 ao apresentador Jos\u00e9 Luiz Datena, da Bandeirantes. Na ocasi\u00e3o, [&hellip;]<\/p>\n","protected":false},"author":4,"featured_media":2906,"comment_status":"open","ping_status":"open","sticky":false,"template":"","format":"standard","meta":{"footnotes":""},"categories":[4],"tags":[],"class_list":["post-2905","post","type-post","status-publish","format-standard","has-post-thumbnail","hentry","category-noticias"],"post_mailing_queue_ids":[],"_links":{"self":[{"href":"https:\/\/www.sodf.org.br\/wordpress\/wp-json\/wp\/v2\/posts\/2905","targetHints":{"allow":["GET"]}}],"collection":[{"href":"https:\/\/www.sodf.org.br\/wordpress\/wp-json\/wp\/v2\/posts"}],"about":[{"href":"https:\/\/www.sodf.org.br\/wordpress\/wp-json\/wp\/v2\/types\/post"}],"author":[{"embeddable":true,"href":"https:\/\/www.sodf.org.br\/wordpress\/wp-json\/wp\/v2\/users\/4"}],"replies":[{"embeddable":true,"href":"https:\/\/www.sodf.org.br\/wordpress\/wp-json\/wp\/v2\/comments?post=2905"}],"version-history":[{"count":1,"href":"https:\/\/www.sodf.org.br\/wordpress\/wp-json\/wp\/v2\/posts\/2905\/revisions"}],"predecessor-version":[{"id":2907,"href":"https:\/\/www.sodf.org.br\/wordpress\/wp-json\/wp\/v2\/posts\/2905\/revisions\/2907"}],"wp:featuredmedia":[{"embeddable":true,"href":"https:\/\/www.sodf.org.br\/wordpress\/wp-json\/wp\/v2\/media\/2906"}],"wp:attachment":[{"href":"https:\/\/www.sodf.org.br\/wordpress\/wp-json\/wp\/v2\/media?parent=2905"}],"wp:term":[{"taxonomy":"category","embeddable":true,"href":"https:\/\/www.sodf.org.br\/wordpress\/wp-json\/wp\/v2\/categories?post=2905"},{"taxonomy":"post_tag","embeddable":true,"href":"https:\/\/www.sodf.org.br\/wordpress\/wp-json\/wp\/v2\/tags?post=2905"}],"curies":[{"name":"wp","href":"https:\/\/api.w.org\/{rel}","templated":true}]}}