{"id":2893,"date":"2021-03-01T21:53:00","date_gmt":"2021-03-02T00:53:00","guid":{"rendered":"http:\/\/www.sodf.org.br\/wordpress\/?p=2893"},"modified":"2021-03-01T21:53:00","modified_gmt":"2021-03-02T00:53:00","slug":"7-urgencias-odontologicas-na-dentistica-e-estetica","status":"publish","type":"post","link":"https:\/\/www.sodf.org.br\/wordpress\/7-urgencias-odontologicas-na-dentistica-e-estetica\/","title":{"rendered":"7 urg\u00eancias odontol\u00f3gicas na Dent\u00edstica e Est\u00e9tica"},"content":{"rendered":"<p><strong>Quais s\u00e3o as principais urg\u00eancias?<\/strong><\/p>\n<p><strong>*Sensibilidade p\u00f3s-operat\u00f3ria de restaura\u00e7\u00f5es amplas de resinas compostas \u2013<\/strong>Esse desconforto normalmente ocorre por falhas adesivas e\/ou pelo n\u00e3o controle da contra\u00e7\u00e3o de polimeriza\u00e7\u00e3o na inser\u00e7\u00e3o do material restaurador na cavidade.<\/p>\n<p>Pode tamb\u00e9m estar ligada a n\u00e3o correta prote\u00e7\u00e3o do complexo dentino pulpar. Al\u00e9m disso, a troca de restaura\u00e7\u00e3o de am\u00e1lgama extensas por resina, pode ser uma possibilidade de origem. Por isso, \u00e9 importante a verifica\u00e7\u00e3o da adapta\u00e7\u00e3o marginal das restaura\u00e7\u00f5es.<\/p>\n<p><strong>Fratura dental \u2013<\/strong>Gerada por quedas e ou acidentes podendo tamb\u00e9m estar associada aos movimentos de intrus\u00e3o e avuls\u00e3o dental. Deve-se analisar al\u00e9m da extens\u00e3o da les\u00e3o, se tamb\u00e9m os tecidos de suporte foram afetados e se existe a necessidade de tratamento endod\u00f4ntico pr\u00e9vio \u00e0 etapa restauradora.<\/p>\n<p><strong>Fratura de restaura\u00e7\u00f5es \u2013\u00a0<\/strong>As restaura\u00e7\u00f5es podem apresentar fraturas devido ao tempo em que foram feitas, por for\u00e7as oclusais excessivas, pela falta de manuten\u00e7\u00e3o e ou mastiga\u00e7\u00e3o de alimentos duros e por h\u00e1bitos parafuncionais. Portanto, essa situa\u00e7\u00e3o gera poss\u00edveis dores e les\u00f5es aos tecidos moles.<\/p>\n<p><strong>Presen\u00e7a de c\u00e1rie profunda \u2013\u00a0<\/strong>Geralmente tem rela\u00e7\u00e3o com inc\u00f4modo aos alimentos e bebidas adocicadas e com extremos de temperatura. Deve-se proceder o correto diagn\u00f3stico com aux\u00edlio de radiografias e determinar o protocolo restaurador mais adequado para essa situa\u00e7\u00e3o.<\/p>\n<p>A an\u00e1lise da profundidade da les\u00e3o pode ser determinante na indica\u00e7\u00e3o do tratamento. Se j\u00e1 existe o contato com tecidos pulpares e presen\u00e7a de inflama\u00e7\u00e3o, a endodontia deve anteceder o tratamento restaurador.<\/p>\n<p><strong>Sensibilidade excessiva<\/strong>\u00a0\u2013 Pode estar associada a les\u00f5es cervicais n\u00e3o cariosas e presen\u00e7a de trincas. A sensa\u00e7\u00e3o pode ser aumentada por h\u00e1bitos alimentares delet\u00e9rios \u00e0 estrutura dental. Nesses casos, o agente causador deve ser identificado e a forma, fun\u00e7\u00e3o e est\u00e9tica devem ser reestabelecidas.<\/p>\n<p><strong>C\u00e1rie secund\u00e1ria \u2013\u00a0\u00a0<\/strong>Pode ser desconfortante e dif\u00edcil de visualizar. Dependendo da sua localiza\u00e7\u00e3o, normalmente essa les\u00e3o est\u00e1 associada a falhas adesivas entre dente e restaura\u00e7\u00e3o. Esses \u201cgaps\u201d s\u00e3o nichos e alvos f\u00e1cies para instala\u00e7\u00e3o do processo carioso.<\/p>\n<p>Logo, m\u00e9todos auxiliares de diagn\u00f3sticos s\u00e3o necess\u00e1rios para um correto diagn\u00f3stico e tratamento da les\u00e3o. Assim, a aten\u00e7\u00e3o \u00e0s margens da restaura\u00e7\u00e3o e um bom protocolo restaurador s\u00e3o fundamentais.<\/p>\n<p><strong>Dor ap\u00f3s restaura\u00e7\u00f5es e ou cimenta\u00e7\u00e3o de pe\u00e7as prot\u00e9ticas \u2013\u00a0<\/strong>Normalmente est\u00e1 aliada \u00e0 sensa\u00e7\u00e3o relatada pelos pacientes de que o dente em quest\u00e3o \u201cest\u00e1 alto\u201d. Esse desconforto oclusal pode ser bem doloroso e ainda pode ocasionar uma Pericementite. Ou seja, uma inflama\u00e7\u00e3o aguda dos tecidos situados ao redor do \u00e1pice radicular de um dente.<\/p>\n<p>Por esse motivo, o ajuste oclusal ap\u00f3s procedimentos restauradores \u00e9 t\u00e3o importante e deve ser feito de forma criteriosa, para evitar a possibilidade de contatos prematuros que podem gerar esse grande desconforto.<\/p>\n<p>Devemos ficar atentos aos ajustes oclusais em procedimentos restauradores que tiveram a utiliza\u00e7\u00e3o de anestesia local, pois a n\u00e3o correta sensa\u00e7\u00e3o pode confundir o paciente e, ap\u00f3s o efeito anest\u00e9sico cessar, a presen\u00e7a de contatos prematuros pode ser identificada.<\/p>\n<p><strong>Les\u00f5es em tecidos moles ocasionados por fraturas dentais e de restaura\u00e7\u00f5es \u2013\u00a0<\/strong>Podem gerar les\u00f5es ulceradas e aftosas, podendo ser bem doloroso ao paciente. Mais uma justificativa para a r\u00e1pida interven\u00e7\u00e3o restauradora.<\/p>\n<p>Contudo, situa\u00e7\u00f5es inesperadas podem ocorrer, mas o cirurgi\u00e3o-dentista deve estar preparado para minimizar e solucionar o dano. Sempre lembrando o paciente que a visita peri\u00f3dica ao\u00a0 consult\u00f3rio pode evitar muitos poss\u00edveis inconvenientes.<\/p>\n","protected":false},"excerpt":{"rendered":"<p>Quais s\u00e3o as principais urg\u00eancias? *Sensibilidade p\u00f3s-operat\u00f3ria de restaura\u00e7\u00f5es amplas de resinas compostas \u2013Esse desconforto normalmente ocorre por falhas adesivas e\/ou pelo n\u00e3o controle da contra\u00e7\u00e3o de polimeriza\u00e7\u00e3o na inser\u00e7\u00e3o do material restaurador na cavidade. Pode tamb\u00e9m estar ligada a n\u00e3o correta prote\u00e7\u00e3o do complexo dentino pulpar. Al\u00e9m disso, a troca de restaura\u00e7\u00e3o de am\u00e1lgama [&hellip;]<\/p>\n","protected":false},"author":4,"featured_media":0,"comment_status":"open","ping_status":"open","sticky":false,"template":"","format":"standard","meta":{"footnotes":""},"categories":[4],"tags":[],"class_list":["post-2893","post","type-post","status-publish","format-standard","hentry","category-noticias"],"post_mailing_queue_ids":[],"_links":{"self":[{"href":"https:\/\/www.sodf.org.br\/wordpress\/wp-json\/wp\/v2\/posts\/2893","targetHints":{"allow":["GET"]}}],"collection":[{"href":"https:\/\/www.sodf.org.br\/wordpress\/wp-json\/wp\/v2\/posts"}],"about":[{"href":"https:\/\/www.sodf.org.br\/wordpress\/wp-json\/wp\/v2\/types\/post"}],"author":[{"embeddable":true,"href":"https:\/\/www.sodf.org.br\/wordpress\/wp-json\/wp\/v2\/users\/4"}],"replies":[{"embeddable":true,"href":"https:\/\/www.sodf.org.br\/wordpress\/wp-json\/wp\/v2\/comments?post=2893"}],"version-history":[{"count":1,"href":"https:\/\/www.sodf.org.br\/wordpress\/wp-json\/wp\/v2\/posts\/2893\/revisions"}],"predecessor-version":[{"id":2895,"href":"https:\/\/www.sodf.org.br\/wordpress\/wp-json\/wp\/v2\/posts\/2893\/revisions\/2895"}],"wp:attachment":[{"href":"https:\/\/www.sodf.org.br\/wordpress\/wp-json\/wp\/v2\/media?parent=2893"}],"wp:term":[{"taxonomy":"category","embeddable":true,"href":"https:\/\/www.sodf.org.br\/wordpress\/wp-json\/wp\/v2\/categories?post=2893"},{"taxonomy":"post_tag","embeddable":true,"href":"https:\/\/www.sodf.org.br\/wordpress\/wp-json\/wp\/v2\/tags?post=2893"}],"curies":[{"name":"wp","href":"https:\/\/api.w.org\/{rel}","templated":true}]}}